{"id":205695,"date":"2022-10-20T18:10:44","date_gmt":"2022-10-20T21:10:44","guid":{"rendered":"https:\/\/diarioregionaldigital.com.br\/?p=205695"},"modified":"2022-10-20T18:10:44","modified_gmt":"2022-10-20T21:10:44","slug":"tre-rj-cassa-mandatos-de-quatro-vereadores-do-pl-em-silva-jardim","status":"publish","type":"post","link":"https:\/\/diarioregionaldigital.com.br\/?p=205695","title":{"rendered":"TRE-RJ cassa mandatos de quatro vereadores do PL, em Silva Jardim"},"content":{"rendered":"<p>O Tribunal Regional Eleitoral do Rio de Janeiro (TRE-RJ) anulou os votos que o Partido Liberal (PL) recebeu no munic\u00edpio de Silva Jardim (RJ) na elei\u00e7\u00e3o para vereadores em 2020, por fraude \u00e0 cota de g\u00eanero. Pelas regras eleitorais, os partidos devem destinar no m\u00ednimo 30% das candidaturas, em disputas proporcionais, \u00e0s mulheres.<img decoding=\"async\" src=\"https:\/\/agenciabrasil.ebc.com.br\/ebc.png?id=1489041&amp;o=node\" \/><img decoding=\"async\" src=\"https:\/\/agenciabrasil.ebc.com.br\/ebc.gif?id=1489041&amp;o=node\" \/><\/p>\n<p>O munic\u00edpio, com 21,7 mil habitantes, fica na regi\u00e3o das baixadas litor\u00e2neas do Rio de Janeiro. Segundo os dados do TRE, a cidade tinha, em 2020, 19.503 eleitores aptos a votar e o comparecimento \u00e0s urnas foi de 78,1%.<\/p>\n<p>A decis\u00e3o do colegiado do TRE-RJ foi tomada na sess\u00e3o de ter\u00e7a-feira (18), por unanimidade, e anulou todos os registros de candidatura apresentados pelo PL e, por consequ\u00eancia, todos os votos recebidos. Ao todo, o partido lan\u00e7ou 13 candidaturas ao cargo de vereador em Silva Jardim em 2020, sendo quatro mulheres. As tr\u00eas menos votadas da legenda foram mulheres, que receberam quatro, 11 e 65 votos.<\/p>\n<p>Com isso, os quatro parlamentares eleitos pelo partido em 2020 tiveram seus diplomas cassados. Na ocasi\u00e3o, o PL recebeu um total de 2.910 votos para vereador e a C\u00e2mara Municipal tem nove vagas. Ainda cabe recurso ao Tribunal Superior Eleitoral (TSE).<\/p>\n<p>Dessa forma, os vereadores Fernando Henrique da Silva Freire, conhecido com o Henrique Gouveia; Cl\u00e1udio Campos de Moura, o Claudinho de Ivo; Marcelo Ara\u00fajo de Souza, o Marcelinho Pedreiro; e Lies Abrantes Abibe, tiveram seus diplomas cassados. Os quocientes eleitoral e partid\u00e1rio ser\u00e3o recalculados para excluir do universo de votos v\u00e1lidos os que foram anulados.<\/p>\n<p>Segundo o voto da relatora, desembargadora eleitoral Alessandra Bilac, o diret\u00f3rio municipal do PL em Silva Jardim teria requerido registro de candidata, \u201cpara t\u00e3o somente garantir o cumprimento, meramente formal, da quota m\u00ednima de g\u00eanero e lograr \u00eaxito em obter o registro dos candidatos do sexo masculino no certame eleitoral\u201d.<\/p>\n<p>A desembargadora aponta que, al\u00e9m da vota\u00e7\u00e3o inexpressiva, uma candidata do PL recebeu materiais gr\u00e1ficos de campanha e n\u00e3o comprovou a utiliza\u00e7\u00e3o, n\u00e3o fez atos de campanha, fez propaganda eleitoral nas redes sociais para outros candidatos e apresentou presta\u00e7\u00e3o de contas padronizada e sem movimenta\u00e7\u00e3o financeira.<\/p>\n<p>A\u00a0<strong>Ag\u00eancia Brasil<\/strong>\u00a0tenta contato com a regional da legenda para obter um posicionamento sobre a decis\u00e3o do TRE-RJ.<\/p>\n<h2>Vereadores<\/h2>\n<p>Na sess\u00e3o ordin\u00e1ria de ontem (19) da C\u00e2mara Municipal de Silva Jardim, os vereadores cassados se pronunciaram. Marcelinho Pedreiro se defendeu afirmando que n\u00e3o utilizou recursos do partido na campanha.<\/p>\n<p>\u201cN\u00e3o me acovardei, fui at\u00e9 o final. Est\u00e1 a\u00ed o resultado: cassaram nosso mandato. Estou emocionado n\u00e3o por que estou perdendo o mandato, mas porque honrei a minha palavra. Eu vou sair de cabe\u00e7a em p\u00e9 e vou voltar mais forte ainda. N\u00f3s brigamos o tempo inteiro, n\u00e3o nos calamos, mesmo sabendo que podiam cassar nosso mandato, porque se a gente se cala ningu\u00e9m tenta tirar a gente\u201d.<\/p>\n<p>Henrique Gouveia, atual vice-presidente da C\u00e2mara, tamb\u00e9m afirmou n\u00e3o ter recebido recursos do partido para a campanha, feita com recursos pr\u00f3prios e doa\u00e7\u00f5es de amigos.<\/p>\n<p>\u201cTrabalhamos duro por mais de um ano. Mas tamb\u00e9m me deparei com um sistema sujo, corrupto, o sistema do tapinha nas costas. Hoje tem quatro vereadores condenados que n\u00e3o cometeram crime algum. Nosso crime foi cuidar da nossa campanha?\u201d, questionou ele.<\/p>\n<p>Muito emocionado, Lies Abrantes Abibe explicou o funcionamento da lei que criou a cota de g\u00eanero e agradeceu aos colegas pelo apoio ao trabalho feito.<\/p>\n<p>\u201cDesejo sorte ao poder Executivo, prefeita [Ma\u00edra Branco Monteiro] e todos que comp\u00f5em o poder Executivo, e desejo sorte aos que v\u00e3o entrar nessa casa. Ser vereador em Silva Jardim n\u00e3o \u00e9 f\u00e1cil. Tratem os vereadores com carinho e com respeito. Que todos entendam a fun\u00e7\u00e3o do vereador. A gente n\u00e3o resolve, a gente pede pra resolver. Silva Jardim tem jeito. Boa sorte para os cinco vereadores que ficam aqui e aos quatro que entram\u201d.<\/p>\n<p>Claudinho de Ivo disse que os quatro foram punidos injustamente.<\/p>\n<p>\u201cForam 2,8 mil votos anulados, de voc\u00ea morador de Silva Jardim. Ainda creio na \u00faltima palavra, que \u00e9 a palavra do senhor. N\u00f3s n\u00e3o fomos culpados. Eu estou saindo de cabe\u00e7a erguida, eles mataram o sonho nosso, 2.800 votos jogados no ralo. Eu n\u00e3o vou desistir dessa cidade amada e eu vou honrar ela. Isso \u00e9 sacanagem, eles tiraram meu sonho. Meu pai est\u00e1 triste l\u00e1 no c\u00e9u pela covardia que fizeram comigo\u201d.<\/p>\n<p><span style=\"font-weight: 400;\">Fonte: Ag\u00eancia Brasil <\/span><\/p>\n","protected":false},"excerpt":{"rendered":"<p>O Tribunal Regional Eleitoral do Rio de Janeiro (TRE-RJ) anulou os votos que o Partido Liberal (PL) recebeu no munic\u00edpio de Silva Jardim (RJ) na elei\u00e7\u00e3o para vereadores em 2020, por fraude \u00e0 cota de g\u00eanero. Pelas regras eleitorais, os partidos devem destinar no m\u00ednimo 30% das candidaturas, em disputas proporcionais, \u00e0s mulheres. O munic\u00edpio, [&hellip;]<\/p>\n","protected":false},"author":246,"featured_media":205696,"comment_status":"closed","ping_status":"closed","sticky":false,"template":"","format":"standard","meta":{"footnotes":""},"categories":[436,254,439],"tags":[],"class_list":["post-205695","post","type-post","status-publish","format-standard","has-post-thumbnail","hentry","category-destaque-da-semana","category-politica","category-ultima-hora"],"_links":{"self":[{"href":"https:\/\/diarioregionaldigital.com.br\/index.php?rest_route=\/wp\/v2\/posts\/205695","targetHints":{"allow":["GET"]}}],"collection":[{"href":"https:\/\/diarioregionaldigital.com.br\/index.php?rest_route=\/wp\/v2\/posts"}],"about":[{"href":"https:\/\/diarioregionaldigital.com.br\/index.php?rest_route=\/wp\/v2\/types\/post"}],"author":[{"embeddable":true,"href":"https:\/\/diarioregionaldigital.com.br\/index.php?rest_route=\/wp\/v2\/users\/246"}],"replies":[{"embeddable":true,"href":"https:\/\/diarioregionaldigital.com.br\/index.php?rest_route=%2Fwp%2Fv2%2Fcomments&post=205695"}],"version-history":[{"count":1,"href":"https:\/\/diarioregionaldigital.com.br\/index.php?rest_route=\/wp\/v2\/posts\/205695\/revisions"}],"predecessor-version":[{"id":205697,"href":"https:\/\/diarioregionaldigital.com.br\/index.php?rest_route=\/wp\/v2\/posts\/205695\/revisions\/205697"}],"wp:featuredmedia":[{"embeddable":true,"href":"https:\/\/diarioregionaldigital.com.br\/index.php?rest_route=\/wp\/v2\/media\/205696"}],"wp:attachment":[{"href":"https:\/\/diarioregionaldigital.com.br\/index.php?rest_route=%2Fwp%2Fv2%2Fmedia&parent=205695"}],"wp:term":[{"taxonomy":"category","embeddable":true,"href":"https:\/\/diarioregionaldigital.com.br\/index.php?rest_route=%2Fwp%2Fv2%2Fcategories&post=205695"},{"taxonomy":"post_tag","embeddable":true,"href":"https:\/\/diarioregionaldigital.com.br\/index.php?rest_route=%2Fwp%2Fv2%2Ftags&post=205695"}],"curies":[{"name":"wp","href":"https:\/\/api.w.org\/{rel}","templated":true}]}}