{"id":205692,"date":"2022-10-20T18:09:30","date_gmt":"2022-10-20T21:09:30","guid":{"rendered":"https:\/\/diarioregionaldigital.com.br\/?p=205692"},"modified":"2022-10-20T18:09:30","modified_gmt":"2022-10-20T21:09:30","slug":"bolsonaro-diz-que-fara-com-governo-de-minas-gerais-metro-de-bh","status":"publish","type":"post","link":"https:\/\/diarioregionaldigital.com.br\/?p=205692","title":{"rendered":"Bolsonaro diz que far\u00e1, com governo de Minas Gerais, metr\u00f4 de BH"},"content":{"rendered":"<p>O candidato \u00e0 reelei\u00e7\u00e3o \u00e0 Presid\u00eancia da Rep\u00fablica pelo PL, Jair Bolsonaro, afirmou que, se ganhar as elei\u00e7\u00f5es, vai financiar, em parceria com o governo de Minas Gerais, o metr\u00f4 de Belo Horizonte. A declara\u00e7\u00e3o foi feita na tarde desta quarta-feira (19) em reuni\u00e3o com prefeitos e lideran\u00e7as pol\u00edticas de todo o pa\u00eds no Pal\u00e1cio da Alvorada.<img decoding=\"async\" src=\"https:\/\/agenciabrasil.ebc.com.br\/ebc.png?id=1488969&amp;o=node\" \/><img decoding=\"async\" src=\"https:\/\/agenciabrasil.ebc.com.br\/ebc.gif?id=1488969&amp;o=node\" \/><\/p>\n<p>\u201cJ\u00e1 acertamos com o [governador reeleito de Minas Gerais Romeu] Zema, est\u00e1 definitivo, a constru\u00e7\u00e3o do metr\u00f4 de BH. \u00c9 um trabalho que foi tratado com o Tarc\u00edsio [de Freitas, ex-ministro da Infraestrutura]. Ent\u00e3o, s\u00e3o R$ 2,8 bilh\u00f5es do governo federal e R$ 400 milh\u00f5es do Zema e est\u00e1 resolvida a quest\u00e3o do metr\u00f4 l\u00e1 em Belo Horizonte\u201d, declarou o candidato \u00e0 reelei\u00e7\u00e3o.<\/p>\n<p>O metr\u00f4 de BH possui atualmente uma linha, entre Eldorado e Vilarinho, com 19 esta\u00e7\u00f5es e 28,1 km de extens\u00e3o, transportando cerca de 178 mil pessoas por dia. Esta linha precisa de v\u00e1rias obras de revitaliza\u00e7\u00e3o. A Linha 2, ligando Barreiro a Calafate, chegou a ter as obras iniciadas em 1998, tendo sido paralisadas em 2004.<\/p>\n<h2>Desonera\u00e7\u00e3o<\/h2>\n<p>Bolsonaro disse que manter\u00e1 a desonera\u00e7\u00e3o dos encargos das folhas de pagamentos de diversas categorias e que incluir\u00e1, j\u00e1 devidamente avaliado pelo ministro da Economia, Paulo Guedes, o setor da sa\u00fade.<\/p>\n<p>\u201cN\u00f3s temos hoje em dia 17 categorias com desonera\u00e7\u00e3o da folha. O Paulo Guedes estudou e disse que \u00e9 poss\u00edvel. Vamos entrar na desonera\u00e7\u00e3o da folha e incluir tamb\u00e9m os servi\u00e7os de sa\u00fade\u201d, anunciou.<\/p>\n<p>Bolsonaro ressaltou os bons n\u00fameros da economia brasileira nos \u00faltimos meses e questionou qual seria a situa\u00e7\u00e3o do pa\u00eds, se n\u00e3o tivesse havido a pandemia de covid-19, que acabou travando a economia em todo o planeta.<\/p>\n<p>\u201cComo estaria o Brasil sem covid? Estaria voando, com toda certeza. Eu acho que o nosso crescimento estaria bem acima dos 4% por ano. Hoje n\u00f3s temos uma das menores infla\u00e7\u00f5es do ano entre os pa\u00edses do mundo todo. Somos o pa\u00eds que mais emprega, at\u00e9 mesmo no G20 [grupo dos 20 pa\u00edses mais ricos]\u201d, disse.<\/p>\n<h2>LGBT<\/h2>\n<p>O candidato lembrou de ataques dos advers\u00e1rios, dizendo que seu governo perseguiria os gays, o que, segundo Bolsonaro, n\u00e3o aconteceu.<\/p>\n<p>\u201cFalaram, durante a campanha, que eu ia perseguir a popula\u00e7\u00e3o LGBT. Alguma not\u00edcia de que tenha aumentado a viol\u00eancia nesse grupo? N\u00e3o. Porque tratamos igualmente todo mundo. A [ex-ministra da Mulher, da Fam\u00edlia e dos Direitos Humanos] Damares fez um excelente trabalho nessa quest\u00e3o&#8221;, disse o candidato \u00e0 reelei\u00e7\u00e3o.<\/p>\n<p>&#8220;O que \u00e9 tratar bem a comunidade LGBT? \u00c9 inseri-la no mercado de trabalho. E ponto final. O que cada um vai fazer entre quatro paredes, \u00e9 problema dele. \u00c9 prazer dele. Eu n\u00e3o tenho nada a ver com isso\u201d.<\/p>\n<p>O candidato reiterou aos presentes que o seu governo ser\u00e1 sempre guiado pela Constitui\u00e7\u00e3o. E que somente far\u00e1 mudan\u00e7as atrav\u00e9s de decretos onde isto for necess\u00e1rio.<\/p>\n<p>\u201cDizer a voc\u00eas que a minha carta \u00e0 democracia n\u00e3o \u00e9 um papelzinho de ocasi\u00e3o, a minha carta \u00e0 democracia \u00e9 a nossa Constitui\u00e7\u00e3o\u201d, disse.<\/p>\n<p><span style=\"font-weight: 400;\"><br \/>\n<\/span><span style=\"font-weight: 400;\">Fonte: Ag\u00eancia Brasil\u00a0<\/span><span style=\"font-weight: 400;\"><br \/>\n<\/span><\/p>\n","protected":false},"excerpt":{"rendered":"<p>O candidato \u00e0 reelei\u00e7\u00e3o \u00e0 Presid\u00eancia da Rep\u00fablica pelo PL, Jair Bolsonaro, afirmou que, se ganhar as elei\u00e7\u00f5es, vai financiar, em parceria com o governo de Minas Gerais, o metr\u00f4 de Belo Horizonte. A declara\u00e7\u00e3o foi feita na tarde desta quarta-feira (19) em reuni\u00e3o com prefeitos e lideran\u00e7as pol\u00edticas de todo o pa\u00eds no Pal\u00e1cio [&hellip;]<\/p>\n","protected":false},"author":246,"featured_media":205693,"comment_status":"closed","ping_status":"closed","sticky":false,"template":"","format":"standard","meta":{"footnotes":""},"categories":[436,254,439],"tags":[],"class_list":["post-205692","post","type-post","status-publish","format-standard","has-post-thumbnail","hentry","category-destaque-da-semana","category-politica","category-ultima-hora"],"_links":{"self":[{"href":"https:\/\/diarioregionaldigital.com.br\/index.php?rest_route=\/wp\/v2\/posts\/205692","targetHints":{"allow":["GET"]}}],"collection":[{"href":"https:\/\/diarioregionaldigital.com.br\/index.php?rest_route=\/wp\/v2\/posts"}],"about":[{"href":"https:\/\/diarioregionaldigital.com.br\/index.php?rest_route=\/wp\/v2\/types\/post"}],"author":[{"embeddable":true,"href":"https:\/\/diarioregionaldigital.com.br\/index.php?rest_route=\/wp\/v2\/users\/246"}],"replies":[{"embeddable":true,"href":"https:\/\/diarioregionaldigital.com.br\/index.php?rest_route=%2Fwp%2Fv2%2Fcomments&post=205692"}],"version-history":[{"count":1,"href":"https:\/\/diarioregionaldigital.com.br\/index.php?rest_route=\/wp\/v2\/posts\/205692\/revisions"}],"predecessor-version":[{"id":205694,"href":"https:\/\/diarioregionaldigital.com.br\/index.php?rest_route=\/wp\/v2\/posts\/205692\/revisions\/205694"}],"wp:featuredmedia":[{"embeddable":true,"href":"https:\/\/diarioregionaldigital.com.br\/index.php?rest_route=\/wp\/v2\/media\/205693"}],"wp:attachment":[{"href":"https:\/\/diarioregionaldigital.com.br\/index.php?rest_route=%2Fwp%2Fv2%2Fmedia&parent=205692"}],"wp:term":[{"taxonomy":"category","embeddable":true,"href":"https:\/\/diarioregionaldigital.com.br\/index.php?rest_route=%2Fwp%2Fv2%2Fcategories&post=205692"},{"taxonomy":"post_tag","embeddable":true,"href":"https:\/\/diarioregionaldigital.com.br\/index.php?rest_route=%2Fwp%2Fv2%2Ftags&post=205692"}],"curies":[{"name":"wp","href":"https:\/\/api.w.org\/{rel}","templated":true}]}}