{"id":205689,"date":"2022-10-20T18:08:14","date_gmt":"2022-10-20T21:08:14","guid":{"rendered":"https:\/\/diarioregionaldigital.com.br\/?p=205689"},"modified":"2022-10-20T18:08:14","modified_gmt":"2022-10-20T21:08:14","slug":"congresso-publica-lei-sobre-protecao-sanitaria-em-terras-indigenas","status":"publish","type":"post","link":"https:\/\/diarioregionaldigital.com.br\/?p=205689","title":{"rendered":"Congresso publica lei sobre prote\u00e7\u00e3o sanit\u00e1ria em terras ind\u00edgenas"},"content":{"rendered":"<p>O Congresso Nacional publicou\u00a0hoje\u00a0(20), no\u00a0<em>Di\u00e1rio Oficial da Uni\u00e3o<\/em>, a lei que renova a obriga\u00e7\u00e3o de a\u00a0Uni\u00e3o\u00a0instalar e manter barreiras sanit\u00e1rias em \u00e1reas ind\u00edgenas para controlar o tr\u00e2nsito de pessoas e de mercadorias a fim de tentar evitar a dissemina\u00e7\u00e3o da covid-19\u00a0entre os moradores destas comunidades.<img decoding=\"async\" src=\"https:\/\/agenciabrasil.ebc.com.br\/ebc.png?id=1489140&amp;o=node\" \/><img decoding=\"async\" src=\"https:\/\/agenciabrasil.ebc.com.br\/ebc.gif?id=1489140&amp;o=node\" \/><\/p>\n<p>Medidas\u00a0de seguran\u00e7a contra a covid-19\u00a0espec\u00edficas para as \u00e1reas ind\u00edgenas\u00a0v\u00eam sendo\u00a0renovadas\u00a0desde outubro de 2020,\u00a0quando o Pal\u00e1cio do Planalto editou a primeira medida provis\u00f3ria (MP)\u00a0sobre o assunto,\u00a0em resposta a\u00a0cobran\u00e7as do Minist\u00e9rio P\u00fablico Federal (MPF), de entidades ind\u00edgenas e do pr\u00f3prio Congresso Nacional.<\/p>\n<p>A\u00a0<a href=\"https:\/\/www.in.gov.br\/en\/web\/dou\/-\/medida-provisoria-n-1.005-de-30-de-setembro-de-2020-280529684\" target=\"_blank\" rel=\"noopener\">primeira MP n\u00ba 1.005\/2020<\/a>\u00a0vigorou at\u00e9\u00a031 de dezembro\u00a0de 2020,\u00a0sendo ent\u00e3o\u00a0substitu\u00edda pela\u00a0<a href=\"http:\/\/www.planalto.gov.br\/ccivil_03\/_ato2019-2022\/2021\/Mpv\/mpv1027.htm\" target=\"_blank\" rel=\"noopener\">MP n\u00ba 1.027<\/a>, que\u00a0originou a\u00a0Lei n\u00ba 14.160, de junho de 2021.<\/p>\n<p>Assim como os textos legais anteriores, a\u00a0<a href=\"https:\/\/www.in.gov.br\/en\/web\/dou\/-\/lei-n-14.458-de-19-de-outubro-de-2022-437709499\" target=\"_blank\" rel=\"noopener\">Lei n\u00ba 14.458<\/a>,\u00a0promulgada nesta quarta-feira (19), estabelece que as barreiras sanit\u00e1rias protetivas devem ser\u00a0prioritariamente\u00a0compostas por\u00a0servidores p\u00fablicos federais,\u00a0podendo,\u00a0a pedido do Minist\u00e9rio da Justi\u00e7a e Seguran\u00e7a P\u00fablica e com o aval de governadores e prefeitos,\u00a0ser\u00a0integradas\u00a0por funcion\u00e1rios p\u00fablicos dos estados, do Distrito Federal e dos munic\u00edpios, incluindo militares.<\/p>\n<p>A Funda\u00e7\u00e3o Nacional do \u00cdndio (Funai) ser\u00e1 respons\u00e1vel pelo planejamento e operacionaliza\u00e7\u00e3o das a\u00e7\u00f5es de controle das barreiras sanit\u00e1rias e tamb\u00e9m por pagar as di\u00e1rias devidas aos servidores estaduais e municipais cedidos para atender a solicita\u00e7\u00e3o de refor\u00e7o do Minist\u00e9rio da Justi\u00e7a e Seguran\u00e7a P\u00fablica.<\/p>\n<p>A Lei n\u00ba 14.458 vigorar\u00e1 at\u00e9 o pr\u00f3ximo dia\u00a031 de dezembro\u00a0e o ministro da Justi\u00e7a e Seguran\u00e7a P\u00fablica poder\u00e1 editar atos complementares para o cumprimento da mesma.<\/p>\n<p>Segundo o Conselho Indigenista Mission\u00e1rio (Cimi),\u00a0entidade ligada \u00e0 Confer\u00eancia Nacional dos Bispos do Brasil (Cnbb), at\u00e9 mar\u00e7o deste ano, ao menos 1.289 \u00edndios morreram em decorr\u00eancia de complica\u00e7\u00f5es da covid-19.<\/p>\n<p><span style=\"font-weight: 400;\"><br \/>\n<\/span><span style=\"font-weight: 400;\">Fonte: Ag\u00eancia Brasil <\/span><\/p>\n","protected":false},"excerpt":{"rendered":"<p>O Congresso Nacional publicou\u00a0hoje\u00a0(20), no\u00a0Di\u00e1rio Oficial da Uni\u00e3o, a lei que renova a obriga\u00e7\u00e3o de a\u00a0Uni\u00e3o\u00a0instalar e manter barreiras sanit\u00e1rias em \u00e1reas ind\u00edgenas para controlar o tr\u00e2nsito de pessoas e de mercadorias a fim de tentar evitar a dissemina\u00e7\u00e3o da covid-19\u00a0entre os moradores destas comunidades. Medidas\u00a0de seguran\u00e7a contra a covid-19\u00a0espec\u00edficas para as \u00e1reas ind\u00edgenas\u00a0v\u00eam sendo\u00a0renovadas\u00a0desde [&hellip;]<\/p>\n","protected":false},"author":246,"featured_media":205690,"comment_status":"closed","ping_status":"closed","sticky":false,"template":"","format":"standard","meta":{"footnotes":""},"categories":[436,254,439],"tags":[],"class_list":["post-205689","post","type-post","status-publish","format-standard","has-post-thumbnail","hentry","category-destaque-da-semana","category-politica","category-ultima-hora"],"_links":{"self":[{"href":"https:\/\/diarioregionaldigital.com.br\/index.php?rest_route=\/wp\/v2\/posts\/205689","targetHints":{"allow":["GET"]}}],"collection":[{"href":"https:\/\/diarioregionaldigital.com.br\/index.php?rest_route=\/wp\/v2\/posts"}],"about":[{"href":"https:\/\/diarioregionaldigital.com.br\/index.php?rest_route=\/wp\/v2\/types\/post"}],"author":[{"embeddable":true,"href":"https:\/\/diarioregionaldigital.com.br\/index.php?rest_route=\/wp\/v2\/users\/246"}],"replies":[{"embeddable":true,"href":"https:\/\/diarioregionaldigital.com.br\/index.php?rest_route=%2Fwp%2Fv2%2Fcomments&post=205689"}],"version-history":[{"count":1,"href":"https:\/\/diarioregionaldigital.com.br\/index.php?rest_route=\/wp\/v2\/posts\/205689\/revisions"}],"predecessor-version":[{"id":205691,"href":"https:\/\/diarioregionaldigital.com.br\/index.php?rest_route=\/wp\/v2\/posts\/205689\/revisions\/205691"}],"wp:featuredmedia":[{"embeddable":true,"href":"https:\/\/diarioregionaldigital.com.br\/index.php?rest_route=\/wp\/v2\/media\/205690"}],"wp:attachment":[{"href":"https:\/\/diarioregionaldigital.com.br\/index.php?rest_route=%2Fwp%2Fv2%2Fmedia&parent=205689"}],"wp:term":[{"taxonomy":"category","embeddable":true,"href":"https:\/\/diarioregionaldigital.com.br\/index.php?rest_route=%2Fwp%2Fv2%2Fcategories&post=205689"},{"taxonomy":"post_tag","embeddable":true,"href":"https:\/\/diarioregionaldigital.com.br\/index.php?rest_route=%2Fwp%2Fv2%2Ftags&post=205689"}],"curies":[{"name":"wp","href":"https:\/\/api.w.org\/{rel}","templated":true}]}}