{"id":205683,"date":"2022-10-20T17:56:15","date_gmt":"2022-10-20T20:56:15","guid":{"rendered":"https:\/\/diarioregionaldigital.com.br\/?p=205683"},"modified":"2022-10-20T17:56:15","modified_gmt":"2022-10-20T20:56:15","slug":"fiscais-do-mapa-poderao-certificar-frutas-e-hortalicas-para-a-ocde","status":"publish","type":"post","link":"https:\/\/diarioregionaldigital.com.br\/?p=205683","title":{"rendered":"Fiscais do Mapa poder\u00e3o certificar frutas e hortali\u00e7as para a OCDE"},"content":{"rendered":"<p>Termina hoje (20), em S\u00e3o Paulo, o curso de forma\u00e7\u00e3o de inspetores do Minist\u00e9rio da Agricultura, Pecu\u00e1ria e Abastecimento (Mapa), ministrado pela Organiza\u00e7\u00e3o para a Coopera\u00e7\u00e3o e Desenvolvimento Econ\u00f4mico (OCDE), voltado para a aplica\u00e7\u00e3o de normas internacionais para frutas e hortali\u00e7as. O Brasil faz parte da organiza\u00e7\u00e3o internacional por meio do Esquema de Frutas e Hortali\u00e7as.<img decoding=\"async\" src=\"https:\/\/agenciabrasil.ebc.com.br\/ebc.png?id=1489077&amp;o=node\" \/><img decoding=\"async\" src=\"https:\/\/agenciabrasil.ebc.com.br\/ebc.gif?id=1489077&amp;o=node\" \/><\/p>\n<p>A partir da conclus\u00e3o do curso, os inspetores estar\u00e3o aptos a avaliar lotes desses produtos e assinar a certifica\u00e7\u00e3o, o que deve acelerar o fluxo de exporta\u00e7\u00e3o. Al\u00e9m da parte te\u00f3rica, os inspetores participaram de atividades pr\u00e1ticas, em que puderam observar defeitos em frutas e saber o que \u00e9 aceit\u00e1vel ou n\u00e3o pelo mercado externo.<\/p>\n<p>A participa\u00e7\u00e3o do Brasil no Esquema OCDE para Frutas e Hortali\u00e7as come\u00e7ou a ser articulada em 2015 e agora chega \u00e0\u00a0etapa final com a forma\u00e7\u00e3o dos inspetores. A OCDE re\u00fane 38 pa\u00edses e tem sede na Fran\u00e7a.<\/p>\n<p>\u201cO principal objetivo do Esquema de Frutas e Hortali\u00e7as da OCDE \u00e9 facilitar o com\u00e9rcio por meio da harmoniza\u00e7\u00e3o de implementa\u00e7\u00e3o e interpreta\u00e7\u00e3o de normas de comercializa\u00e7\u00e3o. Outro objetivo \u00e9 facilitar o reconhecimento m\u00fatuo das inspe\u00e7\u00f5es pelos pa\u00edses participantes\u201d, disse o representante da OCDE Jose Brambila.<\/p>\n<p>Ainda hoje o grupo visita a\u00a0Companhia de Entrepostos e Armaz\u00e9ns Gerais de S\u00e3o Paulo\u00a0(Ceagesp), para acompanhar o funcionamento da central de entrepostos.<\/p>\n<p><span style=\"font-weight: 400;\">Fonte: Ag\u00eancia Brasil <\/span><\/p>\n","protected":false},"excerpt":{"rendered":"<p>Termina hoje (20), em S\u00e3o Paulo, o curso de forma\u00e7\u00e3o de inspetores do Minist\u00e9rio da Agricultura, Pecu\u00e1ria e Abastecimento (Mapa), ministrado pela Organiza\u00e7\u00e3o para a Coopera\u00e7\u00e3o e Desenvolvimento Econ\u00f4mico (OCDE), voltado para a aplica\u00e7\u00e3o de normas internacionais para frutas e hortali\u00e7as. O Brasil faz parte da organiza\u00e7\u00e3o internacional por meio do Esquema de Frutas e [&hellip;]<\/p>\n","protected":false},"author":246,"featured_media":205684,"comment_status":"closed","ping_status":"closed","sticky":false,"template":"","format":"standard","meta":{"footnotes":""},"categories":[436,261,439],"tags":[],"class_list":["post-205683","post","type-post","status-publish","format-standard","has-post-thumbnail","hentry","category-destaque-da-semana","category-economia","category-ultima-hora"],"_links":{"self":[{"href":"https:\/\/diarioregionaldigital.com.br\/index.php?rest_route=\/wp\/v2\/posts\/205683","targetHints":{"allow":["GET"]}}],"collection":[{"href":"https:\/\/diarioregionaldigital.com.br\/index.php?rest_route=\/wp\/v2\/posts"}],"about":[{"href":"https:\/\/diarioregionaldigital.com.br\/index.php?rest_route=\/wp\/v2\/types\/post"}],"author":[{"embeddable":true,"href":"https:\/\/diarioregionaldigital.com.br\/index.php?rest_route=\/wp\/v2\/users\/246"}],"replies":[{"embeddable":true,"href":"https:\/\/diarioregionaldigital.com.br\/index.php?rest_route=%2Fwp%2Fv2%2Fcomments&post=205683"}],"version-history":[{"count":1,"href":"https:\/\/diarioregionaldigital.com.br\/index.php?rest_route=\/wp\/v2\/posts\/205683\/revisions"}],"predecessor-version":[{"id":205685,"href":"https:\/\/diarioregionaldigital.com.br\/index.php?rest_route=\/wp\/v2\/posts\/205683\/revisions\/205685"}],"wp:featuredmedia":[{"embeddable":true,"href":"https:\/\/diarioregionaldigital.com.br\/index.php?rest_route=\/wp\/v2\/media\/205684"}],"wp:attachment":[{"href":"https:\/\/diarioregionaldigital.com.br\/index.php?rest_route=%2Fwp%2Fv2%2Fmedia&parent=205683"}],"wp:term":[{"taxonomy":"category","embeddable":true,"href":"https:\/\/diarioregionaldigital.com.br\/index.php?rest_route=%2Fwp%2Fv2%2Fcategories&post=205683"},{"taxonomy":"post_tag","embeddable":true,"href":"https:\/\/diarioregionaldigital.com.br\/index.php?rest_route=%2Fwp%2Fv2%2Ftags&post=205683"}],"curies":[{"name":"wp","href":"https:\/\/api.w.org\/{rel}","templated":true}]}}