{"id":205677,"date":"2022-10-20T17:53:11","date_gmt":"2022-10-20T20:53:11","guid":{"rendered":"https:\/\/diarioregionaldigital.com.br\/?p=205677"},"modified":"2022-10-20T17:53:11","modified_gmt":"2022-10-20T20:53:11","slug":"procura-por-credito-cai-122-em-setembro-revela-pesquisa-da-serasa","status":"publish","type":"post","link":"https:\/\/diarioregionaldigital.com.br\/?p=205677","title":{"rendered":"Procura por cr\u00e9dito cai 12,2% em setembro, revela pesquisa da Serasa"},"content":{"rendered":"<p>Os juros altos est\u00e3o inibindo a busca do consumidor por empr\u00e9stimos. Segundo relat\u00f3rio divulgado hoje (20) pela empresa Serasa Experian, a procura por opera\u00e7\u00f5es de cr\u00e9dito recuou 12,2% em setembro na compara\u00e7\u00e3o com o mesmo m\u00eas do ano passado. Essa foi a quarta queda mensal consecutiva.\u00a0<img decoding=\"async\" src=\"https:\/\/agenciabrasil.ebc.com.br\/ebc.png?id=1489191&amp;o=node\" \/><img decoding=\"async\" src=\"https:\/\/agenciabrasil.ebc.com.br\/ebc.gif?id=1489191&amp;o=node\" \/><\/p>\n<p>Segundo a Serasa, os consumidores com renda pessoal mensal de R$ 500 a R$ 1 mil s\u00e3o os que menos t\u00eam buscado cr\u00e9dito. Todas as regi\u00f5es registraram queda, mas a retra\u00e7\u00e3o foi mais marcante no Sudeste (-13,9%), no Sul (-12,2%) e no Nordeste (-12%).<\/p>\n<h2>Juros em alta<\/h2>\n<p>De mar\u00e7o de 2021 a agosto deste ano, a taxa Selic \u2013 juros b\u00e1sicos da economia \u2013 subiu de 2% para 13,75% ao ano. Para a Serasa, o encarecimento do cr\u00e9dito desestimula a demanda por cr\u00e9dito e impacta a maioria das linhas. A empresa aconselha ao consumidor reavaliar o or\u00e7amento dom\u00e9stico e poupar dinheiro agora para enfrentar o fim deste ano e o in\u00edcio do pr\u00f3ximo, per\u00edodos em que tradicionalmente os gastos sobem.<\/p>\n<p>A pesquisa \u00e9 feita com base numa amostra significativa de n\u00fameros de Cadastro de Pessoas F\u00edsicas (CPF), consultados todos os meses na base de dados da Serasa Experian. O levantamento mede as rela\u00e7\u00f5es de cr\u00e9dito dos consumidores com institui\u00e7\u00f5es financeiras e com empresas n\u00e3o financeiras.<\/p>\n<p><span style=\"font-weight: 400;\"><br \/>\n<\/span><span style=\"font-weight: 400;\">Fonte: Ag\u00eancia Brasil <\/span><\/p>\n","protected":false},"excerpt":{"rendered":"<p>Os juros altos est\u00e3o inibindo a busca do consumidor por empr\u00e9stimos. Segundo relat\u00f3rio divulgado hoje (20) pela empresa Serasa Experian, a procura por opera\u00e7\u00f5es de cr\u00e9dito recuou 12,2% em setembro na compara\u00e7\u00e3o com o mesmo m\u00eas do ano passado. Essa foi a quarta queda mensal consecutiva.\u00a0 Segundo a Serasa, os consumidores com renda pessoal mensal [&hellip;]<\/p>\n","protected":false},"author":246,"featured_media":205678,"comment_status":"closed","ping_status":"closed","sticky":false,"template":"","format":"standard","meta":{"footnotes":""},"categories":[436,261,439],"tags":[],"class_list":["post-205677","post","type-post","status-publish","format-standard","has-post-thumbnail","hentry","category-destaque-da-semana","category-economia","category-ultima-hora"],"_links":{"self":[{"href":"https:\/\/diarioregionaldigital.com.br\/index.php?rest_route=\/wp\/v2\/posts\/205677","targetHints":{"allow":["GET"]}}],"collection":[{"href":"https:\/\/diarioregionaldigital.com.br\/index.php?rest_route=\/wp\/v2\/posts"}],"about":[{"href":"https:\/\/diarioregionaldigital.com.br\/index.php?rest_route=\/wp\/v2\/types\/post"}],"author":[{"embeddable":true,"href":"https:\/\/diarioregionaldigital.com.br\/index.php?rest_route=\/wp\/v2\/users\/246"}],"replies":[{"embeddable":true,"href":"https:\/\/diarioregionaldigital.com.br\/index.php?rest_route=%2Fwp%2Fv2%2Fcomments&post=205677"}],"version-history":[{"count":1,"href":"https:\/\/diarioregionaldigital.com.br\/index.php?rest_route=\/wp\/v2\/posts\/205677\/revisions"}],"predecessor-version":[{"id":205679,"href":"https:\/\/diarioregionaldigital.com.br\/index.php?rest_route=\/wp\/v2\/posts\/205677\/revisions\/205679"}],"wp:featuredmedia":[{"embeddable":true,"href":"https:\/\/diarioregionaldigital.com.br\/index.php?rest_route=\/wp\/v2\/media\/205678"}],"wp:attachment":[{"href":"https:\/\/diarioregionaldigital.com.br\/index.php?rest_route=%2Fwp%2Fv2%2Fmedia&parent=205677"}],"wp:term":[{"taxonomy":"category","embeddable":true,"href":"https:\/\/diarioregionaldigital.com.br\/index.php?rest_route=%2Fwp%2Fv2%2Fcategories&post=205677"},{"taxonomy":"post_tag","embeddable":true,"href":"https:\/\/diarioregionaldigital.com.br\/index.php?rest_route=%2Fwp%2Fv2%2Ftags&post=205677"}],"curies":[{"name":"wp","href":"https:\/\/api.w.org\/{rel}","templated":true}]}}