{"id":205674,"date":"2022-10-20T17:51:45","date_gmt":"2022-10-20T20:51:45","guid":{"rendered":"https:\/\/diarioregionaldigital.com.br\/?p=205674"},"modified":"2022-10-20T17:51:45","modified_gmt":"2022-10-20T20:51:45","slug":"ministro-garante-reajuste-das-aposentadorias-e-do-salario-minimo","status":"publish","type":"post","link":"https:\/\/diarioregionaldigital.com.br\/?p=205674","title":{"rendered":"Ministro garante reajuste das aposentadorias e do sal\u00e1rio m\u00ednimo"},"content":{"rendered":"<p>O ministro da Economia, Paulo Guedes, afirmou hoje (20) que os reajustes da aposentadoria e do sal\u00e1rio m\u00ednimo est\u00e3o mantidos para o pr\u00f3ximo ano. O novo valor, que passa a vigorar em janeiro, dever\u00e1 cobrir pelo menos a infla\u00e7\u00e3o, de acordo com Guedes. \u201cO jogo est\u00e1 correndo. \u00c9 claro que agora em janeiro, fevereiro, os aposentados e o sal\u00e1rio m\u00ednimo ser\u00e3o corrigidos pelo menos igual a infla\u00e7\u00e3o\u201d, afirmou.<img decoding=\"async\" src=\"https:\/\/agenciabrasil.ebc.com.br\/ebc.png?id=1489203&amp;o=node\" \/><img decoding=\"async\" src=\"https:\/\/agenciabrasil.ebc.com.br\/ebc.gif?id=1489203&amp;o=node\" \/><\/p>\n<p>A declara\u00e7\u00e3o foi feita \u00e0 imprensa logo ap\u00f3s Guedes ter participado da reuni\u00e3o da diretoria da Confedera\u00e7\u00e3o Nacional do Com\u00e9rcio de Bens, Servi\u00e7os e Turismo (CNC), no Rio de Janeiro.<\/p>\n<p>O ministro defendeu tamb\u00e9m uma readequa\u00e7\u00e3o do teto dos gastos, algo que ainda est\u00e1 sendo estudado. Os gastos com a pandemia, mostraram, segundo ele, que o teto, que deveria barrar os aumentos dos gastos do governo federal est\u00e1 \u201ctodo furado\u201d, est\u00e1 \u201ccheio de goteiras\u201d.<\/p>\n<p>De acordo com Guedes, a medida impede, por exemplo, repasses para os entes federados e outras despesas necess\u00e1rias em momentos de crise, como a pandemia.\u00a0<a href=\"https:\/\/agenciabrasil.ebc.com.br\/geral\/noticia\/2016-12\/emenda-do-teto-dos-gastos-publicos-e-promulgada\" target=\"_blank\" rel=\"noopener\">A medida, que instituiu o teto \u00e9 de 2016<\/a>.<\/p>\n<p>Mesmo com poss\u00edveis mudan\u00e7as de vincula\u00e7\u00f5es de recursos, o ministro garantiu que as aposentadorias e o sal\u00e1rio m\u00ednimo n\u00e3o ter\u00e3o preju\u00edzo. \u201cNingu\u00e9m vai usar uma mudan\u00e7a de regra para prejudicar o sal\u00e1rio m\u00ednimo e os aposentados\u201d, garantiu.<\/p>\n<p>At\u00e9 2019, o sal\u00e1rio m\u00ednimo era reajustado segundo a f\u00f3rmula que previa o crescimento do Produto Interno Bruto (PIB, soma das riquezas produzidas no pa\u00eds) de 2 anos anteriores mais a infla\u00e7\u00e3o oficial do ano anterior.<\/p>\n<p>Desde 2020, o reajuste passou a seguir apenas a reposi\u00e7\u00e3o da infla\u00e7\u00e3o pelo \u00cdndice Nacional de Pre\u00e7os ao Consumidor (INPC). Os reajustes ocorrem porque a Constitui\u00e7\u00e3o Federal determina que o sal\u00e1rio m\u00ednimo, fixado em lei, nacionalmente unificado, seja capaz de atender \u00e0s suas necessidades vitais b\u00e1sicas e \u00e0s de sua fam\u00edlia com moradia, alimenta\u00e7\u00e3o, educa\u00e7\u00e3o, sa\u00fade, lazer, vestu\u00e1rio, higiene, transporte e previd\u00eancia social, com reajustes peri\u00f3dicos que lhe preservem o poder aquisitivo, sendo vedada sua vincula\u00e7\u00e3o para qualquer fim.<\/p>\n<p>O valor do sal\u00e1rio m\u00ednimo impacta tamb\u00e9m o pagamento das aposentadorias. O sal\u00e1rio m\u00ednimo \u00e9, atualmente, R$ 1.212.<\/p>\n<p>O ministro disse tamb\u00e9m que os sal\u00e1rios do funcionalismo p\u00fablico dever\u00e3o ser reajustados, ap\u00f3s a situa\u00e7\u00e3o mais cr\u00edtica da pandemia.<\/p>\n<p><span style=\"font-weight: 400;\"><br \/>\n<\/span><span style=\"font-weight: 400;\">Fonte: Ag\u00eancia Brasil <\/span><\/p>\n","protected":false},"excerpt":{"rendered":"<p>O ministro da Economia, Paulo Guedes, afirmou hoje (20) que os reajustes da aposentadoria e do sal\u00e1rio m\u00ednimo est\u00e3o mantidos para o pr\u00f3ximo ano. O novo valor, que passa a vigorar em janeiro, dever\u00e1 cobrir pelo menos a infla\u00e7\u00e3o, de acordo com Guedes. \u201cO jogo est\u00e1 correndo. \u00c9 claro que agora em janeiro, fevereiro, os [&hellip;]<\/p>\n","protected":false},"author":246,"featured_media":205675,"comment_status":"closed","ping_status":"closed","sticky":false,"template":"","format":"standard","meta":{"footnotes":""},"categories":[436,440,261,439],"tags":[],"class_list":["post-205674","post","type-post","status-publish","format-standard","has-post-thumbnail","hentry","category-destaque-da-semana","category-destaques-do-dia","category-economia","category-ultima-hora"],"_links":{"self":[{"href":"https:\/\/diarioregionaldigital.com.br\/index.php?rest_route=\/wp\/v2\/posts\/205674","targetHints":{"allow":["GET"]}}],"collection":[{"href":"https:\/\/diarioregionaldigital.com.br\/index.php?rest_route=\/wp\/v2\/posts"}],"about":[{"href":"https:\/\/diarioregionaldigital.com.br\/index.php?rest_route=\/wp\/v2\/types\/post"}],"author":[{"embeddable":true,"href":"https:\/\/diarioregionaldigital.com.br\/index.php?rest_route=\/wp\/v2\/users\/246"}],"replies":[{"embeddable":true,"href":"https:\/\/diarioregionaldigital.com.br\/index.php?rest_route=%2Fwp%2Fv2%2Fcomments&post=205674"}],"version-history":[{"count":1,"href":"https:\/\/diarioregionaldigital.com.br\/index.php?rest_route=\/wp\/v2\/posts\/205674\/revisions"}],"predecessor-version":[{"id":205676,"href":"https:\/\/diarioregionaldigital.com.br\/index.php?rest_route=\/wp\/v2\/posts\/205674\/revisions\/205676"}],"wp:featuredmedia":[{"embeddable":true,"href":"https:\/\/diarioregionaldigital.com.br\/index.php?rest_route=\/wp\/v2\/media\/205675"}],"wp:attachment":[{"href":"https:\/\/diarioregionaldigital.com.br\/index.php?rest_route=%2Fwp%2Fv2%2Fmedia&parent=205674"}],"wp:term":[{"taxonomy":"category","embeddable":true,"href":"https:\/\/diarioregionaldigital.com.br\/index.php?rest_route=%2Fwp%2Fv2%2Fcategories&post=205674"},{"taxonomy":"post_tag","embeddable":true,"href":"https:\/\/diarioregionaldigital.com.br\/index.php?rest_route=%2Fwp%2Fv2%2Ftags&post=205674"}],"curies":[{"name":"wp","href":"https:\/\/api.w.org\/{rel}","templated":true}]}}