{"id":205671,"date":"2022-10-19T22:47:29","date_gmt":"2022-10-20T01:47:29","guid":{"rendered":"https:\/\/diarioregionaldigital.com.br\/?p=205671"},"modified":"2022-10-19T22:47:29","modified_gmt":"2022-10-20T01:47:29","slug":"palavras-comovem-testemunhos-arrastam-20-10-2022","status":"publish","type":"post","link":"https:\/\/diarioregionaldigital.com.br\/?p=205671","title":{"rendered":"Palavras Comovem Testemunhos Arrastam &#8211; 20\/10\/2022"},"content":{"rendered":"<p>Meu caro leitor \u00e9 com alegria que novamente estamos chegando at\u00e9 voc\u00ea para mais uma edi\u00e7\u00e3o de palavras comovem mas testemunhos arrastam. Bem sei de sua expectativa para ler os testemunhos aqui apresentados. Hoje teremos dois belos testemunhos vamos ao primeiro:<\/p>\n<p>B\u00ean\u00e7\u00e3o Padre meu nome \u00e9 Meire, estou passando pra dar noticias do meu amigo que\u00a0 minha amiga pediu ao senhor pra fazer uma ora\u00e7\u00e3o pela cura dele que havia sido internado e estava no CTI desenganado pelos m\u00e9dicos o senhor Rezou pra ele e disse que ele iria ficar curad\u00e3o pela intercess\u00e3o de S\u00e3o Judas Tadeu junto ao Divino Pai Eterno e o milagre aconteceu no dia seguinte ele recebeu alta e foi pra casa ate o m\u00e9dico disse que foi milagre.<\/p>\n<p>Obrigada padre Erelis\u00a0 por suas ora\u00e7\u00f5es, gratid\u00e3o sempre, sua<\/p>\n<p>B\u00ean\u00e7\u00e3o.<\/p>\n<p>Vamos ao segundo testemunho:<\/p>\n<p>Boa padre Erelis\u00a0 sua ben\u00e7\u00e3o\u00a0 gostaria de agradecer ao senhor por\u00a0 ter rezado a S\u00e3o Judas Tadeu, por mim e minha fam\u00edlia, desde que o senhor veio aqui na minha cidade e visitou minha casa nossa vida melhorou muito meu filho que estava desempregado conseguiu emprego meu esposo conseguiu a aposentadoria dele nossa vida tem sido uma ben\u00e7\u00e3o.\u00a0 Meu muito obrigada a S\u00e3o Judas Tadeu\u00a0 e que ele interceda\u00a0 e aben\u00e7oe todos n\u00f3s. Meu muito<\/p>\n<p>Obrigada padre Erelis e que Deus ilumine sempre o senhor. que S\u00e3o Judas Tadeu sempre ampare e proteja o senhor todos os dias de sua vida e a todos n\u00f3s. Am\u00e9m.<\/p>\n<p>Vejam como Deus age na\u00a0 vida das pessoas.<\/p>\n<p>Convido voc\u00ea para participar da missa\u00a0 de S\u00e3o Judas Tadeu das causas imposs\u00edveis clamando a miseric\u00f3rdia de Jesus por sa\u00fade e liberta\u00e7\u00e3o toda \u00faltima\u00a0 quarta feira \u00e0s 19h na Rua D. Pedro ll n\u00famero 109\u00a0 bairro Mariano Proc\u00f3pio e do ter\u00e7o todos os dias\u00a0 \u00e0s 12; 15h; \u00e0s\u00a0 20e30h; \u00e0s 22h pelo Youtube e Facebook do santu\u00e1rio virtual S\u00e3o Judas Tadeu. svsaojudastadeu.com; \u00e0s 06h ; \u00e0s 10 e 23h pelo Whatzapp; Deixo o n\u00famero do meu celular para me ligarem quando precisar de uma ora\u00e7\u00e3o 988652609 se eu n\u00e3o atender na hora eu retornarei assim que eu ver a liga\u00e7\u00e3o.<\/p>\n","protected":false},"excerpt":{"rendered":"<p>Meu caro leitor \u00e9 com alegria que novamente estamos chegando at\u00e9 voc\u00ea para mais uma edi\u00e7\u00e3o de palavras comovem mas testemunhos arrastam. Bem sei de sua expectativa para ler os testemunhos aqui apresentados. Hoje teremos dois belos testemunhos vamos ao primeiro: B\u00ean\u00e7\u00e3o Padre meu nome \u00e9 Meire, estou passando pra dar noticias do meu amigo [&hellip;]<\/p>\n","protected":false},"author":96,"featured_media":0,"comment_status":"closed","ping_status":"closed","sticky":false,"template":"","format":"standard","meta":{"footnotes":""},"categories":[1245],"tags":[],"class_list":["post-205671","post","type-post","status-publish","format-standard","hentry","category-padre-erelis"],"_links":{"self":[{"href":"https:\/\/diarioregionaldigital.com.br\/index.php?rest_route=\/wp\/v2\/posts\/205671","targetHints":{"allow":["GET"]}}],"collection":[{"href":"https:\/\/diarioregionaldigital.com.br\/index.php?rest_route=\/wp\/v2\/posts"}],"about":[{"href":"https:\/\/diarioregionaldigital.com.br\/index.php?rest_route=\/wp\/v2\/types\/post"}],"author":[{"embeddable":true,"href":"https:\/\/diarioregionaldigital.com.br\/index.php?rest_route=\/wp\/v2\/users\/96"}],"replies":[{"embeddable":true,"href":"https:\/\/diarioregionaldigital.com.br\/index.php?rest_route=%2Fwp%2Fv2%2Fcomments&post=205671"}],"version-history":[{"count":1,"href":"https:\/\/diarioregionaldigital.com.br\/index.php?rest_route=\/wp\/v2\/posts\/205671\/revisions"}],"predecessor-version":[{"id":205672,"href":"https:\/\/diarioregionaldigital.com.br\/index.php?rest_route=\/wp\/v2\/posts\/205671\/revisions\/205672"}],"wp:attachment":[{"href":"https:\/\/diarioregionaldigital.com.br\/index.php?rest_route=%2Fwp%2Fv2%2Fmedia&parent=205671"}],"wp:term":[{"taxonomy":"category","embeddable":true,"href":"https:\/\/diarioregionaldigital.com.br\/index.php?rest_route=%2Fwp%2Fv2%2Fcategories&post=205671"},{"taxonomy":"post_tag","embeddable":true,"href":"https:\/\/diarioregionaldigital.com.br\/index.php?rest_route=%2Fwp%2Fv2%2Ftags&post=205671"}],"curies":[{"name":"wp","href":"https:\/\/api.w.org\/{rel}","templated":true}]}}