{"id":205665,"date":"2022-10-19T18:42:54","date_gmt":"2022-10-19T21:42:54","guid":{"rendered":"https:\/\/diarioregionaldigital.com.br\/?p=205665"},"modified":"2022-10-19T18:42:54","modified_gmt":"2022-10-19T21:42:54","slug":"farmacia-central-realiza-acao-do-outubro-rosa-nesta-sexta-21","status":"publish","type":"post","link":"https:\/\/diarioregionaldigital.com.br\/?p=205665","title":{"rendered":"Farm\u00e1cia Central realiza a\u00e7\u00e3o do Outubro Rosa nesta sexta, 21"},"content":{"rendered":"<p>Segundo informa\u00e7\u00f5es do site da Prefeitura de Juiz de Fora (PJF), neste m\u00eas em que comemoramos o Outubro Rosa, a Farm\u00e1cia Central da Prefeitura de Juiz de Fora (PJF) realizar\u00e1, nesta sexta-feira, 21, das 9h \u00e0s 12h, uma a\u00e7\u00e3o de educa\u00e7\u00e3o em sa\u00fade, abordando o tema c\u00e2ncer de mama e colo do \u00fatero, e de forma mais abrangente a sa\u00fade da mulher.<br \/>\nNa sexta-feira, a Farm\u00e1cia Central, vinculada ao departamento de assist\u00eancia farmac\u00eautica (DAF), da Secretaria de Sa\u00fade (SS), ir\u00e1 ofertar uma cartilha contendo as vias de acesso para o exame cl\u00ednico das mamas, mamografia e o preventivo (Papanicolau) , apresentando os grupos priorit\u00e1rios para tais procedimentos, vacina\u00e7\u00e3o para sa\u00fade da mulher, sinais e sintomas, fatores de risco e protetores para o c\u00e2ncer de mama e do colo do \u00fatero. Durante a a\u00e7\u00e3o, ser\u00e1 tamb\u00e9m disponibilizado um espa\u00e7o dedicado sobre como as mulheres devem observar suas mamas: altera\u00e7\u00e3o da forma, colora\u00e7\u00e3o, presen\u00e7a de l\u00edquidos e n\u00f3dulos.<br \/>\n\u201cAinda teremos o banner do auto exame, que vai oferecer \u00e0s mulheres a possibilidade de aprender a realizar o autocuidado das mamas. No dia da a\u00e7\u00e3o, as mulheres poder\u00e3o sentir a \u2018Mama Amiga\u2019 que, pelo contato t\u00e1til, perceber\u00e3o diferentes altera\u00e7\u00f5es no tecido mam\u00e1rio\u201d, explica Juliana Marques Martins, farmac\u00eautica da Farm\u00e1cia Central. Haver\u00e1 distribui\u00e7\u00e3o do la\u00e7o rosa da campanha e lembrancinhas tem\u00e1ticas e as mulheres poder\u00e3o contar ainda com o tira d\u00favidas com a equipe de farmac\u00eauticos do equipamento de sa\u00fade.<br \/>\nDados do Instituto Nacional do C\u00e2ncer (INCA) revelam que a incid\u00eancia de c\u00e2ncer de mama diagnosticada em 2022 chegar\u00e1 a 66 mil. E em outra ponta, os dados de diagn\u00f3stico precoce nos revelam um progn\u00f3stico de cura de at\u00e9 90%, fato importante. Vale ressaltar que o Minist\u00e9rio da Sa\u00fade, preconiza a mamografia para mulheres entre 50 a 69 anos, ao menos a cada dois anos e anualmente os exames cl\u00ednicos da mama em mulheres entre 40 a 49 anos.<br \/>\nO terceiro c\u00e2ncer mais incidente nas mulheres \u00e9 o c\u00e2ncer do colo do \u00fatero. A estimativa do Minist\u00e9rio da Sa\u00fade \u00e9 que, em 2022, aproximadamente 17 mil mulheres sejam diagnosticadas. O rastreamento, pelo exame Papanicolau (preventivo) mostra-se eficaz e deve ser realizado pelas mulheres a partir dos 25 anos que iniciaram a vida sexual.<br \/>\nDe acordo com Juliana Martins, \u201cos dados apresentados por um peri\u00f3dico cient\u00edfico, Public Health in Practice, mostram que a campanha do outubro rosa no Brasil, aumenta em at\u00e9 40% a procura por mamografias no Sistema \u00danico de Sa\u00fade (SUS), demonstrando que estamos no caminho certo\u201d. Ainda segundo o Minist\u00e9rio da Sa\u00fade, 13% do c\u00e2ncer de mama poderiam ser prevenidos com mudan\u00e7as no estilo de vida, tais como: controle do peso, alimenta\u00e7\u00e3o saud\u00e1vel, pr\u00e1tica de atividade f\u00edsica de, no m\u00ednimo, 150 minutos por semana, e evitar o consumo de bebidas alco\u00f3licas e o tabagismo. Ainda vale ressaltar que estas mudan\u00e7as previnem outros tipos de c\u00e2ncer e doen\u00e7as.<\/p>\n","protected":false},"excerpt":{"rendered":"<p>Segundo informa\u00e7\u00f5es do site da Prefeitura de Juiz de Fora (PJF), neste m\u00eas em que comemoramos o Outubro Rosa, a Farm\u00e1cia Central da Prefeitura de Juiz de Fora (PJF) realizar\u00e1, nesta sexta-feira, 21, das 9h \u00e0s 12h, uma a\u00e7\u00e3o de educa\u00e7\u00e3o em sa\u00fade, abordando o tema c\u00e2ncer de mama e colo do \u00fatero, e de [&hellip;]<\/p>\n","protected":false},"author":246,"featured_media":205666,"comment_status":"closed","ping_status":"closed","sticky":false,"template":"","format":"standard","meta":{"footnotes":""},"categories":[253,436,439],"tags":[],"class_list":["post-205665","post","type-post","status-publish","format-standard","has-post-thumbnail","hentry","category-cidade","category-destaque-da-semana","category-ultima-hora"],"_links":{"self":[{"href":"https:\/\/diarioregionaldigital.com.br\/index.php?rest_route=\/wp\/v2\/posts\/205665","targetHints":{"allow":["GET"]}}],"collection":[{"href":"https:\/\/diarioregionaldigital.com.br\/index.php?rest_route=\/wp\/v2\/posts"}],"about":[{"href":"https:\/\/diarioregionaldigital.com.br\/index.php?rest_route=\/wp\/v2\/types\/post"}],"author":[{"embeddable":true,"href":"https:\/\/diarioregionaldigital.com.br\/index.php?rest_route=\/wp\/v2\/users\/246"}],"replies":[{"embeddable":true,"href":"https:\/\/diarioregionaldigital.com.br\/index.php?rest_route=%2Fwp%2Fv2%2Fcomments&post=205665"}],"version-history":[{"count":1,"href":"https:\/\/diarioregionaldigital.com.br\/index.php?rest_route=\/wp\/v2\/posts\/205665\/revisions"}],"predecessor-version":[{"id":205667,"href":"https:\/\/diarioregionaldigital.com.br\/index.php?rest_route=\/wp\/v2\/posts\/205665\/revisions\/205667"}],"wp:featuredmedia":[{"embeddable":true,"href":"https:\/\/diarioregionaldigital.com.br\/index.php?rest_route=\/wp\/v2\/media\/205666"}],"wp:attachment":[{"href":"https:\/\/diarioregionaldigital.com.br\/index.php?rest_route=%2Fwp%2Fv2%2Fmedia&parent=205665"}],"wp:term":[{"taxonomy":"category","embeddable":true,"href":"https:\/\/diarioregionaldigital.com.br\/index.php?rest_route=%2Fwp%2Fv2%2Fcategories&post=205665"},{"taxonomy":"post_tag","embeddable":true,"href":"https:\/\/diarioregionaldigital.com.br\/index.php?rest_route=%2Fwp%2Fv2%2Ftags&post=205665"}],"curies":[{"name":"wp","href":"https:\/\/api.w.org\/{rel}","templated":true}]}}