{"id":205662,"date":"2022-10-19T18:41:01","date_gmt":"2022-10-19T21:41:01","guid":{"rendered":"https:\/\/diarioregionaldigital.com.br\/?p=205662"},"modified":"2022-10-19T18:41:01","modified_gmt":"2022-10-19T21:41:01","slug":"sel-sesmaur-sg-e-campea-do-campeonato-interno-de-futsal-da-pjf","status":"publish","type":"post","link":"https:\/\/diarioregionaldigital.com.br\/?p=205662","title":{"rendered":"SEL\/Sesmaur\/SG \u00e9 campe\u00e3 do campeonato interno de futsal da PJF"},"content":{"rendered":"<p>Segundo informa\u00e7\u00f5es do site da Prefeitura de Juiz de Fora (PJF), o combinado SEL\/Sesmaur\/SG venceu o time Seapa\/Secom\/STDA na noite desta ter\u00e7a-feira, 18, por 4 a 0, e ficou com o t\u00edtulo do futsal do Campeonato Interno da PJF. A partida decisiva foi realizada no Clube Bom Pastor e reuniu servidores e familiares, especialmente das secretarias envolvidas. O destaque foi a artilheira Aline Botti, que voltou a marcar, fazendo tr\u00eas gols na final. J\u00falia Romano completou o placar.<\/p>\n<div id=\"box_texto_noticia\">\n<p>&nbsp;<\/p>\n<p>As medalhas e trof\u00e9us foram entregues pelos secret\u00e1rios de Recursos Humanos, Rog\u00e9rio de Freitas, de Esporte e Lazer, Marcello Matta, de Sustentabilidade em Meio Ambiente e Atividades Urbanas, Aline Junqueira, e de Agricultura, Pecu\u00e1ria e Abastecimento, Fab\u00edola Paulino. \u201cFoi um campeonato excelente e conseguimos esse t\u00edtulo gra\u00e7as \u00e0 evolu\u00e7\u00e3o do time durante o campeonato. Conseguimos fazer alguns treinos e essa evolu\u00e7\u00e3o propiciou ter as vit\u00f3rias, a artilheira, o campeonato e ainda s\u00f3 tomar um gol durante todo o campeonato\u201d, comemorou o respons\u00e1vel pela equipe, Marcos Schuchter, da Sesmaur.<br \/>\nCom o vice-campeonato, a servidora atleta da Seapa, Tha\u00eds Freitas, exaltou a integra\u00e7\u00e3o entre as servidoras. \u201cSem d\u00favida, esse entrosamento \u00e9 muito importante e montamos um time sensacional\u201d. Artilheira do torneio com 11 gols, a campe\u00e3 Aline Botti destacou que \u201cfoi uma uni\u00e3o perfeita para chegarmos at\u00e9 a final, com uni\u00e3o e ra\u00e7a\u201d.<br \/>\nO campeonato interno de futebol masculino e futsal feminino da PJF \u00e9 organizado pelas secretarias de Recursos Humanos e de Esporte e Lazer (SEL) e tem como objetivo promover o esporte, o lazer e a intera\u00e7\u00e3o entre os servidores da PJF, refor\u00e7ada pelo fato de que muitas equipes envolvem atletas de mais de uma secretaria.<br \/>\n<strong>Futebol<\/strong><br \/>\nAs finais do campeonato de futebol ser\u00e3o disputadas no s\u00e1bado, 22, no Est\u00e1dio Municipal. A partida que decide o t\u00edtulo entre Demlurb e C\u00e2mara Municipal ser\u00e1 realizada \u00e0s 10h20. Antes, \u00e0s 9h, Empav e Secretaria da Fazenda fazem a disputa do 3\u00ba lugar.<\/p>\n<div>\n<strong>Foto<\/strong>: Kryslaine Coelho<\/div>\n<\/div>\n<p>&nbsp;<\/p>\n<div id=\"box_compartilhar\" align=\"right\"><\/div>\n","protected":false},"excerpt":{"rendered":"<p>Segundo informa\u00e7\u00f5es do site da Prefeitura de Juiz de Fora (PJF), o combinado SEL\/Sesmaur\/SG venceu o time Seapa\/Secom\/STDA na noite desta ter\u00e7a-feira, 18, por 4 a 0, e ficou com o t\u00edtulo do futsal do Campeonato Interno da PJF. A partida decisiva foi realizada no Clube Bom Pastor e reuniu servidores e familiares, especialmente das [&hellip;]<\/p>\n","protected":false},"author":246,"featured_media":205663,"comment_status":"closed","ping_status":"closed","sticky":false,"template":"","format":"standard","meta":{"footnotes":""},"categories":[253,436,439],"tags":[],"class_list":["post-205662","post","type-post","status-publish","format-standard","has-post-thumbnail","hentry","category-cidade","category-destaque-da-semana","category-ultima-hora"],"_links":{"self":[{"href":"https:\/\/diarioregionaldigital.com.br\/index.php?rest_route=\/wp\/v2\/posts\/205662","targetHints":{"allow":["GET"]}}],"collection":[{"href":"https:\/\/diarioregionaldigital.com.br\/index.php?rest_route=\/wp\/v2\/posts"}],"about":[{"href":"https:\/\/diarioregionaldigital.com.br\/index.php?rest_route=\/wp\/v2\/types\/post"}],"author":[{"embeddable":true,"href":"https:\/\/diarioregionaldigital.com.br\/index.php?rest_route=\/wp\/v2\/users\/246"}],"replies":[{"embeddable":true,"href":"https:\/\/diarioregionaldigital.com.br\/index.php?rest_route=%2Fwp%2Fv2%2Fcomments&post=205662"}],"version-history":[{"count":1,"href":"https:\/\/diarioregionaldigital.com.br\/index.php?rest_route=\/wp\/v2\/posts\/205662\/revisions"}],"predecessor-version":[{"id":205664,"href":"https:\/\/diarioregionaldigital.com.br\/index.php?rest_route=\/wp\/v2\/posts\/205662\/revisions\/205664"}],"wp:featuredmedia":[{"embeddable":true,"href":"https:\/\/diarioregionaldigital.com.br\/index.php?rest_route=\/wp\/v2\/media\/205663"}],"wp:attachment":[{"href":"https:\/\/diarioregionaldigital.com.br\/index.php?rest_route=%2Fwp%2Fv2%2Fmedia&parent=205662"}],"wp:term":[{"taxonomy":"category","embeddable":true,"href":"https:\/\/diarioregionaldigital.com.br\/index.php?rest_route=%2Fwp%2Fv2%2Fcategories&post=205662"},{"taxonomy":"post_tag","embeddable":true,"href":"https:\/\/diarioregionaldigital.com.br\/index.php?rest_route=%2Fwp%2Fv2%2Ftags&post=205662"}],"curies":[{"name":"wp","href":"https:\/\/api.w.org\/{rel}","templated":true}]}}