{"id":205653,"date":"2022-10-19T18:32:42","date_gmt":"2022-10-19T21:32:42","guid":{"rendered":"https:\/\/diarioregionaldigital.com.br\/?p=205653"},"modified":"2022-10-19T18:32:42","modified_gmt":"2022-10-19T21:32:42","slug":"prefeitura-recebe-dois-veiculos-para-ampliar-trabalho-socioassistencial","status":"publish","type":"post","link":"https:\/\/diarioregionaldigital.com.br\/?p=205653","title":{"rendered":"Prefeitura recebe dois ve\u00edculos para ampliar trabalho socioassistencial"},"content":{"rendered":"<p>Segundo informa\u00e7\u00f5es do site da Prefeitura de Juiz de Fora (PJF), a PJF recebeu, por meio de emenda parlamentar, ainda do mandato como deputada de Margarida Salom\u00e3o, dois ve\u00edculos destinados para utiliza\u00e7\u00e3o pelos equipamentos da Secretaria de Assist\u00eancia Social (SAS).<\/p>\n<p>A aquisi\u00e7\u00e3o dos ve\u00edculos representa uma a\u00e7\u00e3o de estrutura\u00e7\u00e3o da Rede de Servi\u00e7os de Prote\u00e7\u00e3o Social Especial da SAS. Os ve\u00edculos adquiridos pela emenda, no valor de R$ 105 mil, foram o modelo Kwid, da marca Renault, e o modelo Voyage, da marca Volkswagen.<\/p>\n<p>De acordo com a secret\u00e1ria de assist\u00eancia social, Malu Salim, os novos ve\u00edculos ser\u00e3o utilizados nos equipamentos e servi\u00e7os socioassistenciais prestados \u00e0 comunidade. \u201cUm dos carros vai auxiliar no atendimento \u00e0 popula\u00e7\u00e3o em situa\u00e7\u00e3o de rua, pela equipe de abordagem social, contribuindo na agilidade dos atendimentos, na busca ativa para o atendimento, acompanhamento e media\u00e7\u00e3o do acesso \u00e0 rede de prote\u00e7\u00e3o social. J\u00e1 o outro ve\u00edculo ser\u00e1 utilizado na supervis\u00e3o aos servi\u00e7os da SAS, nas atividades administrativas e nas visitas e acompanhamento \u00e0s fam\u00edlias dos programas de Aten\u00e7\u00e3o Integral \u00e0 Fam\u00edlia (PAIF) e Prote\u00e7\u00e3o e Atendimento Especializado a Fam\u00edlias e Indiv\u00edduos (PAEFI)\u201d.<\/p>\n","protected":false},"excerpt":{"rendered":"<p>Segundo informa\u00e7\u00f5es do site da Prefeitura de Juiz de Fora (PJF), a PJF recebeu, por meio de emenda parlamentar, ainda do mandato como deputada de Margarida Salom\u00e3o, dois ve\u00edculos destinados para utiliza\u00e7\u00e3o pelos equipamentos da Secretaria de Assist\u00eancia Social (SAS). A aquisi\u00e7\u00e3o dos ve\u00edculos representa uma a\u00e7\u00e3o de estrutura\u00e7\u00e3o da Rede de Servi\u00e7os de Prote\u00e7\u00e3o [&hellip;]<\/p>\n","protected":false},"author":246,"featured_media":205654,"comment_status":"closed","ping_status":"closed","sticky":false,"template":"","format":"standard","meta":{"footnotes":""},"categories":[253,436,440,439],"tags":[],"class_list":["post-205653","post","type-post","status-publish","format-standard","has-post-thumbnail","hentry","category-cidade","category-destaque-da-semana","category-destaques-do-dia","category-ultima-hora"],"_links":{"self":[{"href":"https:\/\/diarioregionaldigital.com.br\/index.php?rest_route=\/wp\/v2\/posts\/205653","targetHints":{"allow":["GET"]}}],"collection":[{"href":"https:\/\/diarioregionaldigital.com.br\/index.php?rest_route=\/wp\/v2\/posts"}],"about":[{"href":"https:\/\/diarioregionaldigital.com.br\/index.php?rest_route=\/wp\/v2\/types\/post"}],"author":[{"embeddable":true,"href":"https:\/\/diarioregionaldigital.com.br\/index.php?rest_route=\/wp\/v2\/users\/246"}],"replies":[{"embeddable":true,"href":"https:\/\/diarioregionaldigital.com.br\/index.php?rest_route=%2Fwp%2Fv2%2Fcomments&post=205653"}],"version-history":[{"count":1,"href":"https:\/\/diarioregionaldigital.com.br\/index.php?rest_route=\/wp\/v2\/posts\/205653\/revisions"}],"predecessor-version":[{"id":205655,"href":"https:\/\/diarioregionaldigital.com.br\/index.php?rest_route=\/wp\/v2\/posts\/205653\/revisions\/205655"}],"wp:featuredmedia":[{"embeddable":true,"href":"https:\/\/diarioregionaldigital.com.br\/index.php?rest_route=\/wp\/v2\/media\/205654"}],"wp:attachment":[{"href":"https:\/\/diarioregionaldigital.com.br\/index.php?rest_route=%2Fwp%2Fv2%2Fmedia&parent=205653"}],"wp:term":[{"taxonomy":"category","embeddable":true,"href":"https:\/\/diarioregionaldigital.com.br\/index.php?rest_route=%2Fwp%2Fv2%2Fcategories&post=205653"},{"taxonomy":"post_tag","embeddable":true,"href":"https:\/\/diarioregionaldigital.com.br\/index.php?rest_route=%2Fwp%2Fv2%2Ftags&post=205653"}],"curies":[{"name":"wp","href":"https:\/\/api.w.org\/{rel}","templated":true}]}}