{"id":205647,"date":"2022-10-19T18:24:40","date_gmt":"2022-10-19T21:24:40","guid":{"rendered":"https:\/\/diarioregionaldigital.com.br\/?p=205647"},"modified":"2022-10-19T18:24:40","modified_gmt":"2022-10-19T21:24:40","slug":"filho-de-esgrimista-e-pupilo-de-medalhista-paralimpico-gaucho-conquista-titulo-inedito-em-abertura-de-mundial-sub-23-no-ct","status":"publish","type":"post","link":"https:\/\/diarioregionaldigital.com.br\/?p=205647","title":{"rendered":"Filho de esgrimista e pupilo de medalhista paral\u00edmpico, ga\u00facho conquista t\u00edtulo in\u00e9dito em abertura de Mundial sub-23 no CT"},"content":{"rendered":"<p>O jovem ga\u00facho Kevin Damasceno, 18 anos, foi o primeiro esgrimista a conquistar a medalha de ouro na\u00a0<a href=\"https:\/\/cpb.org.br\/noticia\/detalhe\/4597\/ct-paralimpico-recebe-tres-competicoes-de-esgrima-em-cadeira-de-rodas-em-oito-dias\" target=\"_blank\" rel=\"noopener\"><u><strong>abertura do Mundial sub-23 de esgrima em cadeira de rodas<\/strong><\/u><\/a>\u00a0nesta quarta-feira, no Centro de Treinamento Paral\u00edmpico, em S\u00e3o Paulo.<\/p>\n<p>O in\u00e9dito t\u00edtulo mundial veio no sabre, na categoria individual A\/B, com uma vit\u00f3ria apertada por 15 a 13 no jogo diante do alem\u00e3o Julius Haupt.<\/p>\n<p>&#8220;Muito feliz e gratificante por este resultado. Fruto de trabalho de muito treino. Sou muito novo [de idade] e pensei que seria muito cedo para ter essa evolu\u00e7\u00e3o e conseguir esses resultados in\u00e9ditos. Isso d\u00e1 mais vontade de treinar e se dedicar para chegar mais longe&#8221;, afirmou o jovem atleta, que nasceu com mielomeningocele (m\u00e1-forma\u00e7\u00e3o na coluna vertebral durante a gesta\u00e7\u00e3o).<\/p>\n<p>Kevin praticamente cresceu dentro do ambiente da esgrima em cadeira de rodas. \u00c9 filho do esgrimista F\u00e1bio Luiz Damasceno, que representou o Brasil nos Jogos Paral\u00edmpicos do Rio 2016, entre outras competi\u00e7\u00f5es. Come\u00e7ou na modalidade ao oito anos.<\/p>\n<p>&#8220;Desde que eu comecei na esgrima, o florete \u00e9 a arma que mais me identifiquei. Gosto mais do sistema da prioridade. Mas, atualmente, opto por jogar nas tr\u00eas armas (sabre, espada e florete), porque vou ganhando experi\u00eancia, mas o meu foco realmente \u00e9 o florete\u201d, apontou.<\/p>\n<p>O atleta nascido em Porto Alegre tamb\u00e9m conquistou t\u00edtulos no\u00a0<a href=\"https:\/\/www.cpb.org.br\/noticia\/detalhe\/4606\/alunos-de-projetos-do-cpb-conquistam-bronze-no-brasileiro-de-esgrima-em-cadeira-de-rodas\" target=\"_blank\" rel=\"noopener\"><u><strong>Campeonato Brasileiro de esgrima em cadeira de rodas<\/strong><\/u><\/a>, que se encerrou nesta quarta-feira, 19, tamb\u00e9m no CT Paral\u00edmpico. No Nacional, ele representou o Gr\u00eamio N\u00e1utico Uni\u00e3o\/RS.<\/p>\n<p>O jovem ga\u00facho conquistou quatro medalhas de ouro, sendo tr\u00eas na categoria individual A. Dois desses t\u00edtulos nacionais foram em jogo final diante do seu pai, F\u00e1bio Damasceno \u2013 no florete e no sabre, com duas vit\u00f3rias por 15 a 6. J\u00e1 na espada, superou Clodoaldo Zafatoski por 15 a 5 na decis\u00e3o.<\/p>\n<p>A quarta medalha dourada nacional foi na espada por equipes, quando representou o seu estado natal. Na final diante do Paran\u00e1, jogou com seu \u00eddolo na modalidade, Jovane Guissone, medalhista de prata nos Jogos Paral\u00edmpicos de T\u00f3quio, e venceu o jogo que deu a vit\u00f3ria para o Rio Grande do Sul por 14 a 4.<\/p>\n<p>&#8220;O Jovane come\u00e7ou com meu pai e me espira muito tamb\u00e9m. Desde crian\u00e7a, acompanho a carreira dele l\u00e1 em Porto Alegre e as competi\u00e7\u00f5es que ele participa. A gente conversa bastante tamb\u00e9m. Tenho o sonho e vontade de chegar aonde ele chegou e conquistar os t\u00edtulos que ele conquistou&#8221;, finalizou.<\/p>\n<p>At\u00e9 o dia 25 de outubro, o\u00a0<a href=\"https:\/\/www.cpb.org.br\/noticia\/detalhe\/4601\/ct-paralimpico-reune-mais-de-100-esgrimistas-de-14-paises-nesta-semana-veja-a-programacao\" target=\"_blank\" rel=\"noopener\"><u><strong>CT Paral\u00edmpico receber\u00e1 tr\u00eas eventos de esgrima de cadeira de rodas<\/strong><\/u><\/a>: Campeonato Brasileiro, Campeonato das Am\u00e9ricas e o Mundial sub-23. Ao todo, est\u00e3o inscritos mais de cem esgrimistas, representantes de catorze pa\u00edses, para as tr\u00eas competi\u00e7\u00f5es. Todas elas contam com disputas femininas e masculinas, das tr\u00eas armas (florete, sabre e espada).<\/p>\n<p>O Mundial Sub-23 vai ocorrer de 19 a 21 de outubro e o Campeonato das Am\u00e9ricas est\u00e1 agendado para acontecer de 22 a 25 deste m\u00eas.<\/p>\n<p><span style=\"font-weight: 400;\">Fonte:\u00a0 CPB<\/span><span style=\"font-weight: 400;\"><br \/>\n<\/span><span style=\"font-weight: 400;\"><br \/>\n<\/span><\/p>\n","protected":false},"excerpt":{"rendered":"<p>O jovem ga\u00facho Kevin Damasceno, 18 anos, foi o primeiro esgrimista a conquistar a medalha de ouro na\u00a0abertura do Mundial sub-23 de esgrima em cadeira de rodas\u00a0nesta quarta-feira, no Centro de Treinamento Paral\u00edmpico, em S\u00e3o Paulo. O in\u00e9dito t\u00edtulo mundial veio no sabre, na categoria individual A\/B, com uma vit\u00f3ria apertada por 15 a 13 [&hellip;]<\/p>\n","protected":false},"author":246,"featured_media":205648,"comment_status":"closed","ping_status":"closed","sticky":false,"template":"","format":"standard","meta":{"footnotes":""},"categories":[436,257,439],"tags":[],"class_list":["post-205647","post","type-post","status-publish","format-standard","has-post-thumbnail","hentry","category-destaque-da-semana","category-esporte","category-ultima-hora"],"_links":{"self":[{"href":"https:\/\/diarioregionaldigital.com.br\/index.php?rest_route=\/wp\/v2\/posts\/205647","targetHints":{"allow":["GET"]}}],"collection":[{"href":"https:\/\/diarioregionaldigital.com.br\/index.php?rest_route=\/wp\/v2\/posts"}],"about":[{"href":"https:\/\/diarioregionaldigital.com.br\/index.php?rest_route=\/wp\/v2\/types\/post"}],"author":[{"embeddable":true,"href":"https:\/\/diarioregionaldigital.com.br\/index.php?rest_route=\/wp\/v2\/users\/246"}],"replies":[{"embeddable":true,"href":"https:\/\/diarioregionaldigital.com.br\/index.php?rest_route=%2Fwp%2Fv2%2Fcomments&post=205647"}],"version-history":[{"count":1,"href":"https:\/\/diarioregionaldigital.com.br\/index.php?rest_route=\/wp\/v2\/posts\/205647\/revisions"}],"predecessor-version":[{"id":205649,"href":"https:\/\/diarioregionaldigital.com.br\/index.php?rest_route=\/wp\/v2\/posts\/205647\/revisions\/205649"}],"wp:featuredmedia":[{"embeddable":true,"href":"https:\/\/diarioregionaldigital.com.br\/index.php?rest_route=\/wp\/v2\/media\/205648"}],"wp:attachment":[{"href":"https:\/\/diarioregionaldigital.com.br\/index.php?rest_route=%2Fwp%2Fv2%2Fmedia&parent=205647"}],"wp:term":[{"taxonomy":"category","embeddable":true,"href":"https:\/\/diarioregionaldigital.com.br\/index.php?rest_route=%2Fwp%2Fv2%2Fcategories&post=205647"},{"taxonomy":"post_tag","embeddable":true,"href":"https:\/\/diarioregionaldigital.com.br\/index.php?rest_route=%2Fwp%2Fv2%2Ftags&post=205647"}],"curies":[{"name":"wp","href":"https:\/\/api.w.org\/{rel}","templated":true}]}}