{"id":205644,"date":"2022-10-19T18:23:11","date_gmt":"2022-10-19T21:23:11","guid":{"rendered":"https:\/\/diarioregionaldigital.com.br\/?p=205644"},"modified":"2022-10-19T18:23:11","modified_gmt":"2022-10-19T21:23:11","slug":"selecao-brasileira-de-futebol-de-cegos-embarca-nesta-quarta-feira-19-para-disputa-da-copa-america-na-argentina","status":"publish","type":"post","link":"https:\/\/diarioregionaldigital.com.br\/?p=205644","title":{"rendered":"Sele\u00e7\u00e3o Brasileira de futebol de cegos embarca nesta quarta-feira, 19, para disputa da Copa Am\u00e9rica na Argentina"},"content":{"rendered":"<div>\n<div class=\"detalhe-texto \">\n<div class=\"texto\">\n<div>A Sele\u00e7\u00e3o Brasileira de futebol de cegos embarca nesta quarta-feira, 19, para C\u00f3rdoba, na Argentina, onde ir\u00e3o disputar a Copa Am\u00e9rica entre os dias 23 e 28 de outubro. Este ser\u00e1 o primeiro evento rumo aos Jogos Paral\u00edmpicos de Paris 2024. A estreia do Brasil ser\u00e1 contra o M\u00e9xico, no domingo, \u00e0s 18h (hor\u00e1rio de Bras\u00edlia), primeiro dia de jogos.<\/p>\n<p>A competi\u00e7\u00e3o reunir\u00e1 oito pa\u00edses: al\u00e9m dos brasileiros e mexicanos, participam as sele\u00e7\u00f5es da Argentina, Chile, Col\u00f4mbia e Peru. Vale lembrar que o Brasil \u00e9 o atual e maior campe\u00e3o da competi\u00e7\u00e3o, ao vencer seis t\u00edtulos dos nove j\u00e1 disputados, e\u00a0<a href=\"https:\/\/www.cpb.org.br\/noticia\/detalhe\/3563\/brasil-derrota-argentina-conquista-ouro-no-fut-5-e-alcanca-melhor-campanha-em-jogos-paralimpicos\" target=\"_blank\" rel=\"noopener\"><u><strong>medalhista de ouro nos Jogos Paral\u00edmpicos de T\u00f3quio 2020<\/strong><\/u><\/a>.<\/p>\n<p>\u201c\u00c9 um ciclo muito pequeno, temos praticamente dois anos at\u00e9 Paris. Ent\u00e3o, resolvi levar para a Copa Am\u00e9rica o que tenho de melhor no momento j\u00e1 como prepara\u00e7\u00e3o para o Mundial e o Parapan. Ser\u00e1 um desafio muito bom l\u00e1 na Argentina\u201d, disse F\u00e1bio Vasconcelos, t\u00e9cnico da Sele\u00e7\u00e3o Brasileira de futebol de cegos.<\/p>\n<p>O sistema de disputa ser\u00e1 todos contra todos em um \u00fanico turno, ou seja, cada pa\u00eds entra em campo cinco vezes. Os dois times que somarem mais pontos disputam a final, na sexta-feira, 28, \u00e0s 18h. O terceiro e o quarto colocados disputam o bronze, no mesmo dia, \u00e0s 16h.<\/p>\n<p>O torneio garantir\u00e1 aos quatro mais bem colocados um lugar nos Jogos Parapan-Americanos 2023, em Santiago, no Chile, al\u00e9m de garantir ao campe\u00e3o, vaga no Mundial da modalidade que ser\u00e1 realizado em Birmingham, na Inglaterra tamb\u00e9m no pr\u00f3ximo ano. Para esta competi\u00e7\u00e3o, os brasileiros j\u00e1 est\u00e3o classificados devido ao\u00a0<a href=\"https:\/\/cpb.org.br\/noticia\/detalhe\/4343\/selecao-brasileira-de-futebol-de-cegos-vence-argentina-no-grand-prix-e-se-classifica-para-o-mundial\" target=\"_blank\" rel=\"noopener\"><u><strong>t\u00edtulo do Grand Prix Mundial do M\u00e9xico, conquistado em agosto<\/strong><\/u><\/a>.<\/p>\n<p>Essas duas competi\u00e7\u00f5es ser\u00e3o classificat\u00f3rias para os Jogos Paral\u00edmpicos de Paris 2024. Os brasileiros s\u00e3o os \u00fanicos medalhistas de ouro na modalidade, desde que o futebol de cegos passou a fazer parte do programa paral\u00edmpico, em Atenas 2004.<\/p>\n<p><strong>Confira abaixo a tabela de jogos do Brasil:<\/strong><\/p>\n<p><strong>DOMINGO \u2013 23 DE OUTUBRO<\/strong><br \/>\n14h Peru x Argentina<br \/>\n16h Chile x Col\u00f4mbia<br \/>\n18h M\u00e9xico x Brasil<\/p>\n<p><strong>SEGUNDA-FEIRA \u2013 24 DE OUTUBRO<\/strong><br \/>\n14h Peru x Chile<br \/>\n16h Argentina x Brasil<br \/>\n18h Col\u00f4mbia x M\u00e9xico<\/p>\n<p><strong>TER\u00c7A-FEIRA \u2013 25 DE OUTUBRO<\/strong><br \/>\n14h Peru x Col\u00f4mbia<br \/>\n16h Argentina x M\u00e9xico<br \/>\n18h Chile x Brasil<\/p>\n<p><strong>QUARTA-FEIRA \u2013 26 DE OUTUBRO<\/strong><br \/>\n14h Peru x M\u00e9xico<br \/>\n16h Argentina x Chile<br \/>\n18h Col\u00f4mbia x Brasil<\/p>\n<p><strong>QUINTA-FEIRA \u2013 27 DE OUTUBRO<\/strong><br \/>\n14h Peru x Brasil<br \/>\n16h Argentina x Col\u00f4mbia<br \/>\n18h Chile x M\u00e9xico<\/p>\n<p><strong>SEXTA-FEIRA \u2013 28 DE OUTUBRO<\/strong><br \/>\n16h 3\u00ba colocado x 4\u00ba colocado<br \/>\n18h 1\u00ba colocado x 2\u00ba colocado<\/p>\n<p><em>*Com informa\u00e7\u00f5es da Confedera\u00e7\u00e3o Brasileira de Desportos de Deficientes Visuais (CBDV)<\/em><\/p>\n<p><strong>Patroc\u00ednio<\/strong><br \/>\nO futebol de cegos \u00e9 uma modalidade patrocinada pelas Loterias Caixa.<\/p>\n<p>Fonte: Assessoria de Comunica\u00e7\u00e3o do Comit\u00ea Paral\u00edmpico Brasileiro<\/p><\/div>\n<\/div>\n<\/div>\n<\/div>\n","protected":false},"excerpt":{"rendered":"<p>A Sele\u00e7\u00e3o Brasileira de futebol de cegos embarca nesta quarta-feira, 19, para C\u00f3rdoba, na Argentina, onde ir\u00e3o disputar a Copa Am\u00e9rica entre os dias 23 e 28 de outubro. Este ser\u00e1 o primeiro evento rumo aos Jogos Paral\u00edmpicos de Paris 2024. A estreia do Brasil ser\u00e1 contra o M\u00e9xico, no domingo, \u00e0s 18h (hor\u00e1rio de [&hellip;]<\/p>\n","protected":false},"author":246,"featured_media":205645,"comment_status":"closed","ping_status":"closed","sticky":false,"template":"","format":"standard","meta":{"footnotes":""},"categories":[436,257,439],"tags":[],"class_list":["post-205644","post","type-post","status-publish","format-standard","has-post-thumbnail","hentry","category-destaque-da-semana","category-esporte","category-ultima-hora"],"_links":{"self":[{"href":"https:\/\/diarioregionaldigital.com.br\/index.php?rest_route=\/wp\/v2\/posts\/205644","targetHints":{"allow":["GET"]}}],"collection":[{"href":"https:\/\/diarioregionaldigital.com.br\/index.php?rest_route=\/wp\/v2\/posts"}],"about":[{"href":"https:\/\/diarioregionaldigital.com.br\/index.php?rest_route=\/wp\/v2\/types\/post"}],"author":[{"embeddable":true,"href":"https:\/\/diarioregionaldigital.com.br\/index.php?rest_route=\/wp\/v2\/users\/246"}],"replies":[{"embeddable":true,"href":"https:\/\/diarioregionaldigital.com.br\/index.php?rest_route=%2Fwp%2Fv2%2Fcomments&post=205644"}],"version-history":[{"count":1,"href":"https:\/\/diarioregionaldigital.com.br\/index.php?rest_route=\/wp\/v2\/posts\/205644\/revisions"}],"predecessor-version":[{"id":205646,"href":"https:\/\/diarioregionaldigital.com.br\/index.php?rest_route=\/wp\/v2\/posts\/205644\/revisions\/205646"}],"wp:featuredmedia":[{"embeddable":true,"href":"https:\/\/diarioregionaldigital.com.br\/index.php?rest_route=\/wp\/v2\/media\/205645"}],"wp:attachment":[{"href":"https:\/\/diarioregionaldigital.com.br\/index.php?rest_route=%2Fwp%2Fv2%2Fmedia&parent=205644"}],"wp:term":[{"taxonomy":"category","embeddable":true,"href":"https:\/\/diarioregionaldigital.com.br\/index.php?rest_route=%2Fwp%2Fv2%2Fcategories&post=205644"},{"taxonomy":"post_tag","embeddable":true,"href":"https:\/\/diarioregionaldigital.com.br\/index.php?rest_route=%2Fwp%2Fv2%2Ftags&post=205644"}],"curies":[{"name":"wp","href":"https:\/\/api.w.org\/{rel}","templated":true}]}}