{"id":205641,"date":"2022-10-19T18:04:31","date_gmt":"2022-10-19T21:04:31","guid":{"rendered":"https:\/\/diarioregionaldigital.com.br\/?p=205641"},"modified":"2022-10-19T18:04:31","modified_gmt":"2022-10-19T21:04:31","slug":"selecao-brasileira-de-ciclismo-disputa-mundial-de-pista-na-franca-a-partir-desta-quinta-feira","status":"publish","type":"post","link":"https:\/\/diarioregionaldigital.com.br\/?p=205641","title":{"rendered":"Sele\u00e7\u00e3o Brasileira de ciclismo disputa Mundial de pista na Fran\u00e7a a partir desta quinta-feira"},"content":{"rendered":"<p>A Sele\u00e7\u00e3o Brasileira de ciclismo desembarcou na ter\u00e7a-feira, 18, na Fran\u00e7a, para disputar o Campeonato Mundial de Pista entre os dias 20 e 23 de outubro, na cidade de Saint-Quentin-en-Yvelines.<\/p>\n<p>O Brasil tem tr\u00eas atletas nas primeiras coloca\u00e7\u00f5es das suas respectivas categorias, sendo que deles estar\u00e3o na Fran\u00e7a: Lauro Chaman, segundo colocado na Classe MC5, e \u00a0Carlos Soares, segundo na MC1.<\/p>\n<p>A Sele\u00e7\u00e3o Brasileira tamb\u00e9m contar\u00e1 com Sabrina Cust\u00f3dia (WC2), Gilce Duarte e Talita da Luz (Piloto), e M\u00e1rcia Fanhani e Maria Teresa Muller (Piloto), ambas na Tandem.<\/p>\n<p>Motivada pela quinta posi\u00e7\u00e3o no ranking mundial de estrada por na\u00e7\u00e3o, a equipe brasileira entra agora na disputa do Mundial de pista e brigar\u00e1 pela lideran\u00e7a da modalidade. A competi\u00e7\u00e3o na cidade francesa vale pontos na classifica\u00e7\u00e3o dos pa\u00edses para os Jogos Paral\u00edmpicos de Paris 2024.<\/p>\n<p>&#8220;Esse Mundial ser\u00e1 muito importante para buscarmos pontos para a classifica\u00e7\u00e3o dos Jogos Paral\u00edmpicos de Paris 2024 e tamb\u00e9m proporcionarmos a inclus\u00e3o de novos atletas em grandes competi\u00e7\u00f5es do circuito internacional. O grupo est\u00e1 bem unido, motivado, ent\u00e3o acredito que voltaremos com bons resultados&#8221;, destacou Edilson Rocha &#8220;Tubiba&#8221;, coordenador do ciclismo paral\u00edmpico na Confedera\u00e7\u00e3o Brasileira de Ciclismo (CBC).<\/p>\n<p>Fonte: COB &amp; CBC<\/p>\n","protected":false},"excerpt":{"rendered":"<p>A Sele\u00e7\u00e3o Brasileira de ciclismo desembarcou na ter\u00e7a-feira, 18, na Fran\u00e7a, para disputar o Campeonato Mundial de Pista entre os dias 20 e 23 de outubro, na cidade de Saint-Quentin-en-Yvelines. O Brasil tem tr\u00eas atletas nas primeiras coloca\u00e7\u00f5es das suas respectivas categorias, sendo que deles estar\u00e3o na Fran\u00e7a: Lauro Chaman, segundo colocado na Classe MC5, [&hellip;]<\/p>\n","protected":false},"author":246,"featured_media":205642,"comment_status":"closed","ping_status":"closed","sticky":false,"template":"","format":"standard","meta":{"footnotes":""},"categories":[436,440,257,439],"tags":[],"class_list":["post-205641","post","type-post","status-publish","format-standard","has-post-thumbnail","hentry","category-destaque-da-semana","category-destaques-do-dia","category-esporte","category-ultima-hora"],"_links":{"self":[{"href":"https:\/\/diarioregionaldigital.com.br\/index.php?rest_route=\/wp\/v2\/posts\/205641","targetHints":{"allow":["GET"]}}],"collection":[{"href":"https:\/\/diarioregionaldigital.com.br\/index.php?rest_route=\/wp\/v2\/posts"}],"about":[{"href":"https:\/\/diarioregionaldigital.com.br\/index.php?rest_route=\/wp\/v2\/types\/post"}],"author":[{"embeddable":true,"href":"https:\/\/diarioregionaldigital.com.br\/index.php?rest_route=\/wp\/v2\/users\/246"}],"replies":[{"embeddable":true,"href":"https:\/\/diarioregionaldigital.com.br\/index.php?rest_route=%2Fwp%2Fv2%2Fcomments&post=205641"}],"version-history":[{"count":1,"href":"https:\/\/diarioregionaldigital.com.br\/index.php?rest_route=\/wp\/v2\/posts\/205641\/revisions"}],"predecessor-version":[{"id":205643,"href":"https:\/\/diarioregionaldigital.com.br\/index.php?rest_route=\/wp\/v2\/posts\/205641\/revisions\/205643"}],"wp:featuredmedia":[{"embeddable":true,"href":"https:\/\/diarioregionaldigital.com.br\/index.php?rest_route=\/wp\/v2\/media\/205642"}],"wp:attachment":[{"href":"https:\/\/diarioregionaldigital.com.br\/index.php?rest_route=%2Fwp%2Fv2%2Fmedia&parent=205641"}],"wp:term":[{"taxonomy":"category","embeddable":true,"href":"https:\/\/diarioregionaldigital.com.br\/index.php?rest_route=%2Fwp%2Fv2%2Fcategories&post=205641"},{"taxonomy":"post_tag","embeddable":true,"href":"https:\/\/diarioregionaldigital.com.br\/index.php?rest_route=%2Fwp%2Fv2%2Ftags&post=205641"}],"curies":[{"name":"wp","href":"https:\/\/api.w.org\/{rel}","templated":true}]}}