{"id":205635,"date":"2022-10-19T17:57:14","date_gmt":"2022-10-19T20:57:14","guid":{"rendered":"https:\/\/diarioregionaldigital.com.br\/?p=205635"},"modified":"2022-10-19T17:57:14","modified_gmt":"2022-10-19T20:57:14","slug":"senado-aprova-mp-que-cria-autarquia-de-protecao-de-dados","status":"publish","type":"post","link":"https:\/\/diarioregionaldigital.com.br\/?p=205635","title":{"rendered":"Senado aprova MP que cria autarquia de prote\u00e7\u00e3o de dados"},"content":{"rendered":"<p>O Senado aprovou hoje (18) uma medida provis\u00f3ria (MP) que transforma a Ag\u00eancia Nacional de Prote\u00e7\u00e3o de Dados (ANPD) em uma autarquia. A ANPD \u00e9 o \u00f3rg\u00e3o federal respons\u00e1vel por fiscalizar a aplica\u00e7\u00e3o da Lei Geral de Prote\u00e7\u00e3o de Dados Pessoais (LGPD). Ela nasceu vinculada \u00e0 Presid\u00eancia da Rep\u00fablica, mas desde 2019 j\u00e1 existia a possibilidade legal de transform\u00e1-la em autarquia especial. Assim, ela ter\u00e1 autonomia administrativa e financeira. O texto segue para promulga\u00e7\u00e3o.<img decoding=\"async\" src=\"https:\/\/agenciabrasil.ebc.com.br\/ebc.png?id=1488767&amp;o=node\" \/><img decoding=\"async\" src=\"https:\/\/agenciabrasil.ebc.com.br\/ebc.gif?id=1488767&amp;o=node\" \/><\/p>\n<p>O objetivo da mudan\u00e7a, segundo a explica\u00e7\u00e3o do Poder Executivo, \u00e9 evitar a descontinuidade administrativa da ANPD e trazer mais confiabilidade ao sistema regulat\u00f3rio de prote\u00e7\u00e3o de dados. \u201cA presente proposta busca prover a ANPD com a capacidade institucional necess\u00e1ria para estabelecer um efetivo ambiente normativo de prote\u00e7\u00e3o de dados pessoais, proteger adequadamente os direitos dos titulares, e assegurar que a Autoridade possa exercer sua autonomia t\u00e9cnica e decis\u00f3ria, obtendo reconhecimento nacional e internacional\u201d, justifica o governo.<\/p>\n<p>No novo formato, esse sistema de prote\u00e7\u00e3o de dados ser\u00e1 compat\u00edvel com outros regimes regulat\u00f3rios e experi\u00eancias internacionais. Al\u00e9m disso, a MP, cria, sem aumento de despesa, um cargo comissionado para o diretor-presidente da ANPD e aloca os atuais servidores na nova autarquia.<\/p>\n<p><span style=\"font-weight: 400;\">Fonte: Ag\u00eancia Brasil <\/span><\/p>\n","protected":false},"excerpt":{"rendered":"<p>O Senado aprovou hoje (18) uma medida provis\u00f3ria (MP) que transforma a Ag\u00eancia Nacional de Prote\u00e7\u00e3o de Dados (ANPD) em uma autarquia. A ANPD \u00e9 o \u00f3rg\u00e3o federal respons\u00e1vel por fiscalizar a aplica\u00e7\u00e3o da Lei Geral de Prote\u00e7\u00e3o de Dados Pessoais (LGPD). Ela nasceu vinculada \u00e0 Presid\u00eancia da Rep\u00fablica, mas desde 2019 j\u00e1 existia a [&hellip;]<\/p>\n","protected":false},"author":246,"featured_media":205636,"comment_status":"closed","ping_status":"closed","sticky":false,"template":"","format":"standard","meta":{"footnotes":""},"categories":[436,254,439],"tags":[],"class_list":["post-205635","post","type-post","status-publish","format-standard","has-post-thumbnail","hentry","category-destaque-da-semana","category-politica","category-ultima-hora"],"_links":{"self":[{"href":"https:\/\/diarioregionaldigital.com.br\/index.php?rest_route=\/wp\/v2\/posts\/205635","targetHints":{"allow":["GET"]}}],"collection":[{"href":"https:\/\/diarioregionaldigital.com.br\/index.php?rest_route=\/wp\/v2\/posts"}],"about":[{"href":"https:\/\/diarioregionaldigital.com.br\/index.php?rest_route=\/wp\/v2\/types\/post"}],"author":[{"embeddable":true,"href":"https:\/\/diarioregionaldigital.com.br\/index.php?rest_route=\/wp\/v2\/users\/246"}],"replies":[{"embeddable":true,"href":"https:\/\/diarioregionaldigital.com.br\/index.php?rest_route=%2Fwp%2Fv2%2Fcomments&post=205635"}],"version-history":[{"count":1,"href":"https:\/\/diarioregionaldigital.com.br\/index.php?rest_route=\/wp\/v2\/posts\/205635\/revisions"}],"predecessor-version":[{"id":205637,"href":"https:\/\/diarioregionaldigital.com.br\/index.php?rest_route=\/wp\/v2\/posts\/205635\/revisions\/205637"}],"wp:featuredmedia":[{"embeddable":true,"href":"https:\/\/diarioregionaldigital.com.br\/index.php?rest_route=\/wp\/v2\/media\/205636"}],"wp:attachment":[{"href":"https:\/\/diarioregionaldigital.com.br\/index.php?rest_route=%2Fwp%2Fv2%2Fmedia&parent=205635"}],"wp:term":[{"taxonomy":"category","embeddable":true,"href":"https:\/\/diarioregionaldigital.com.br\/index.php?rest_route=%2Fwp%2Fv2%2Fcategories&post=205635"},{"taxonomy":"post_tag","embeddable":true,"href":"https:\/\/diarioregionaldigital.com.br\/index.php?rest_route=%2Fwp%2Fv2%2Ftags&post=205635"}],"curies":[{"name":"wp","href":"https:\/\/api.w.org\/{rel}","templated":true}]}}