{"id":205629,"date":"2022-10-19T17:53:54","date_gmt":"2022-10-19T20:53:54","guid":{"rendered":"https:\/\/diarioregionaldigital.com.br\/?p=205629"},"modified":"2022-10-19T17:53:54","modified_gmt":"2022-10-19T20:53:54","slug":"ex-governador-de-sao-paulo-joao-doria-anuncia-desfiliacao-do-psdb","status":"publish","type":"post","link":"https:\/\/diarioregionaldigital.com.br\/?p=205629","title":{"rendered":"Ex-governador de S\u00e3o Paulo Jo\u00e3o Doria anuncia desfilia\u00e7\u00e3o do PSDB"},"content":{"rendered":"<p>O ex-governador de S\u00e3o Paulo\u00a0Jo\u00e3o Doria\u00a0anunciou nesta\u00a0<span id=\"OBJ_PREFIX_DWT458_com_zimbra_date\" role=\"link\">quarta<\/span>-feira (19) sua desfilia\u00e7\u00e3o do PSDB, ap\u00f3s 22 anos no partido. Na rede social, o ex-tucano disse que encerra a etapa \u201cde cabe\u00e7a erguida\u201d.<img decoding=\"async\" src=\"https:\/\/agenciabrasil.ebc.com.br\/ebc.png?id=1488798&amp;o=node\" \/><img decoding=\"async\" src=\"https:\/\/agenciabrasil.ebc.com.br\/ebc.gif?id=1488798&amp;o=node\" \/><\/p>\n<p>\u201cInspirado na social-democracia e em nomes como Franco Montoro, M\u00e1rio Covas, Jos\u00e9 Serra e Fernando Henrique Cardoso, cumpri minha miss\u00e3o pol\u00edtico-partid\u00e1ria pautado na excel\u00eancia da gest\u00e3o p\u00fablica e em uma sociedade mais justa e menos desigual. Com minha miss\u00e3o cumprida, deixo meu agradecimento e o firme desejo de que o PSDB tenha olhar atento ao seu grandioso passado, em busca de inspira\u00e7\u00e3o para o futuro. E sempre em defesa da democracia, da liberdade e do progresso social do Brasil\u201d, disse em sua conta no Twitter.<\/p>\n<p>Doria disse ainda que\u00a0tem\u00a0orgulho da contribui\u00e7\u00e3o que p\u00f4de dar a S\u00e3o Paulo e ao Brasil, \u201cgra\u00e7as \u00e0 generosidade e \u00e0 confian\u00e7a de todos aqueles que optaram pelo meu nome em tr\u00eas pr\u00e9vias e duas elei\u00e7\u00f5es\u201d.<\/p>\n<p><span style=\"font-weight: 400;\"><br \/>\n<\/span><span style=\"font-weight: 400;\">Fonte: Ag\u00eancia Brasil <\/span><\/p>\n","protected":false},"excerpt":{"rendered":"<p>O ex-governador de S\u00e3o Paulo\u00a0Jo\u00e3o Doria\u00a0anunciou nesta\u00a0quarta-feira (19) sua desfilia\u00e7\u00e3o do PSDB, ap\u00f3s 22 anos no partido. Na rede social, o ex-tucano disse que encerra a etapa \u201cde cabe\u00e7a erguida\u201d. \u201cInspirado na social-democracia e em nomes como Franco Montoro, M\u00e1rio Covas, Jos\u00e9 Serra e Fernando Henrique Cardoso, cumpri minha miss\u00e3o pol\u00edtico-partid\u00e1ria pautado na excel\u00eancia da [&hellip;]<\/p>\n","protected":false},"author":246,"featured_media":205630,"comment_status":"closed","ping_status":"closed","sticky":false,"template":"","format":"standard","meta":{"footnotes":""},"categories":[436,440,254,439],"tags":[],"class_list":["post-205629","post","type-post","status-publish","format-standard","has-post-thumbnail","hentry","category-destaque-da-semana","category-destaques-do-dia","category-politica","category-ultima-hora"],"_links":{"self":[{"href":"https:\/\/diarioregionaldigital.com.br\/index.php?rest_route=\/wp\/v2\/posts\/205629","targetHints":{"allow":["GET"]}}],"collection":[{"href":"https:\/\/diarioregionaldigital.com.br\/index.php?rest_route=\/wp\/v2\/posts"}],"about":[{"href":"https:\/\/diarioregionaldigital.com.br\/index.php?rest_route=\/wp\/v2\/types\/post"}],"author":[{"embeddable":true,"href":"https:\/\/diarioregionaldigital.com.br\/index.php?rest_route=\/wp\/v2\/users\/246"}],"replies":[{"embeddable":true,"href":"https:\/\/diarioregionaldigital.com.br\/index.php?rest_route=%2Fwp%2Fv2%2Fcomments&post=205629"}],"version-history":[{"count":1,"href":"https:\/\/diarioregionaldigital.com.br\/index.php?rest_route=\/wp\/v2\/posts\/205629\/revisions"}],"predecessor-version":[{"id":205631,"href":"https:\/\/diarioregionaldigital.com.br\/index.php?rest_route=\/wp\/v2\/posts\/205629\/revisions\/205631"}],"wp:featuredmedia":[{"embeddable":true,"href":"https:\/\/diarioregionaldigital.com.br\/index.php?rest_route=\/wp\/v2\/media\/205630"}],"wp:attachment":[{"href":"https:\/\/diarioregionaldigital.com.br\/index.php?rest_route=%2Fwp%2Fv2%2Fmedia&parent=205629"}],"wp:term":[{"taxonomy":"category","embeddable":true,"href":"https:\/\/diarioregionaldigital.com.br\/index.php?rest_route=%2Fwp%2Fv2%2Fcategories&post=205629"},{"taxonomy":"post_tag","embeddable":true,"href":"https:\/\/diarioregionaldigital.com.br\/index.php?rest_route=%2Fwp%2Fv2%2Ftags&post=205629"}],"curies":[{"name":"wp","href":"https:\/\/api.w.org\/{rel}","templated":true}]}}