{"id":205623,"date":"2022-10-19T17:48:57","date_gmt":"2022-10-19T20:48:57","guid":{"rendered":"https:\/\/diarioregionaldigital.com.br\/?p=205623"},"modified":"2022-10-19T17:48:57","modified_gmt":"2022-10-19T20:48:57","slug":"dolar-cai-para-r-525-refletindo-bom-humor-externo","status":"publish","type":"post","link":"https:\/\/diarioregionaldigital.com.br\/?p=205623","title":{"rendered":"D\u00f3lar cai para R$ 5,25, refletindo bom humor externo"},"content":{"rendered":"<p>Ainda sob reflexo da revers\u00e3o do pacote fiscal no Reino Unido, o mercado financeiro teve um dia de tr\u00e9gua nesta ter\u00e7a-feira (18). O d\u00f3lar recuou quase 1% e teve a maior queda di\u00e1ria desde o dia seguinte ao primeiro turno das elei\u00e7\u00f5es presidenciais. A bolsa de valores subiu quase 2%, impulsionada pelas bolsas norte-americanas.<img decoding=\"async\" src=\"https:\/\/agenciabrasil.ebc.com.br\/ebc.png?id=1488736&amp;o=node\" \/><img decoding=\"async\" src=\"https:\/\/agenciabrasil.ebc.com.br\/ebc.gif?id=1488736&amp;o=node\" \/><\/p>\n<p>O d\u00f3lar comercial encerrou o dia vendido a R$ 5,255, com recuo de R$ 0,048 (-0,91%). A cota\u00e7\u00e3o chegou a operar em R$ 5,30, pr\u00f3xima da estabilidade em rela\u00e7\u00e3o a ontem (17), ap\u00f3s a divulga\u00e7\u00e3o da produ\u00e7\u00e3o manufatureira norte-americana. No entanto, o fluxo de capitais perto do fim das negocia\u00e7\u00f5es ajudou a consolidar a queda.<\/p>\n<p>Com o desempenho de hoje, a moeda norte-americana acumula queda de 2,59% em outubro. Em 2022, o recuo chega a 5,76%.<\/p>\n<p>No mercado de a\u00e7\u00f5es, o dia tamb\u00e9m foi marcado pelo otimismo. O \u00edndice Ibovespa, da B3, fechou aos 115.743 pontos, com alta de 1,86%. O indicador foi favorecido pelas bolsas norte-americanas, que subiram ap\u00f3s institui\u00e7\u00f5es financeiras divulgarem lucros trimestrais dentro do previsto.<\/p>\n<p>Pelo segundo dia seguido, o mercado global reagiu bem \u00e0 decis\u00e3o do novo ministro das Finan\u00e7as do Reino Unido, Jeremy Hunt, de reverter quase todos os cortes de impostos anunciados h\u00e1 tr\u00eas semanas pelo governo da primeira-ministra Liz Truss. O plano, que previa desonera\u00e7\u00f5es para mais ricos e para empresas, tinha provocado turbul\u00eancias internacionais porque ampliaria a d\u00edvida p\u00fablica brit\u00e2nica.<\/p>\n<p>Durante a manh\u00e3, a divulga\u00e7\u00e3o de que a produ\u00e7\u00e3o manufatureira nos Estados Unidos cresceu 0,4% em setembro, acima do esperado, provocou instabilidade no mercado. O bom desempenho da ind\u00fastria norte-americana indica que o Federal Reserve (Fed, Banco Central norte-americano) pode manter os juros altos por mais tempo que o previsto para segurar a infla\u00e7\u00e3o na maior economia do planeta.<\/p>\n<p>Juros mais altos em economias avan\u00e7adas estimulam a fuga de capitais de pa\u00edses emergentes, como o Brasil. Desde o in\u00edcio do ano, o Fed elevou as taxas de juros em 3 pontos percentuais, no aperto monet\u00e1rio mais intenso em 40 anos.<\/p>\n<p><span style=\"font-weight: 400;\">Fonte: Ag\u00eancia Brasil\u00a0<\/span><i><span style=\"font-weight: 400;\"><br \/>\n<\/span><\/i><\/p>\n","protected":false},"excerpt":{"rendered":"<p>Ainda sob reflexo da revers\u00e3o do pacote fiscal no Reino Unido, o mercado financeiro teve um dia de tr\u00e9gua nesta ter\u00e7a-feira (18). O d\u00f3lar recuou quase 1% e teve a maior queda di\u00e1ria desde o dia seguinte ao primeiro turno das elei\u00e7\u00f5es presidenciais. A bolsa de valores subiu quase 2%, impulsionada pelas bolsas norte-americanas. O [&hellip;]<\/p>\n","protected":false},"author":246,"featured_media":205624,"comment_status":"closed","ping_status":"closed","sticky":false,"template":"","format":"standard","meta":{"footnotes":""},"categories":[436,261,439],"tags":[],"class_list":["post-205623","post","type-post","status-publish","format-standard","has-post-thumbnail","hentry","category-destaque-da-semana","category-economia","category-ultima-hora"],"_links":{"self":[{"href":"https:\/\/diarioregionaldigital.com.br\/index.php?rest_route=\/wp\/v2\/posts\/205623","targetHints":{"allow":["GET"]}}],"collection":[{"href":"https:\/\/diarioregionaldigital.com.br\/index.php?rest_route=\/wp\/v2\/posts"}],"about":[{"href":"https:\/\/diarioregionaldigital.com.br\/index.php?rest_route=\/wp\/v2\/types\/post"}],"author":[{"embeddable":true,"href":"https:\/\/diarioregionaldigital.com.br\/index.php?rest_route=\/wp\/v2\/users\/246"}],"replies":[{"embeddable":true,"href":"https:\/\/diarioregionaldigital.com.br\/index.php?rest_route=%2Fwp%2Fv2%2Fcomments&post=205623"}],"version-history":[{"count":1,"href":"https:\/\/diarioregionaldigital.com.br\/index.php?rest_route=\/wp\/v2\/posts\/205623\/revisions"}],"predecessor-version":[{"id":205625,"href":"https:\/\/diarioregionaldigital.com.br\/index.php?rest_route=\/wp\/v2\/posts\/205623\/revisions\/205625"}],"wp:featuredmedia":[{"embeddable":true,"href":"https:\/\/diarioregionaldigital.com.br\/index.php?rest_route=\/wp\/v2\/media\/205624"}],"wp:attachment":[{"href":"https:\/\/diarioregionaldigital.com.br\/index.php?rest_route=%2Fwp%2Fv2%2Fmedia&parent=205623"}],"wp:term":[{"taxonomy":"category","embeddable":true,"href":"https:\/\/diarioregionaldigital.com.br\/index.php?rest_route=%2Fwp%2Fv2%2Fcategories&post=205623"},{"taxonomy":"post_tag","embeddable":true,"href":"https:\/\/diarioregionaldigital.com.br\/index.php?rest_route=%2Fwp%2Fv2%2Ftags&post=205623"}],"curies":[{"name":"wp","href":"https:\/\/api.w.org\/{rel}","templated":true}]}}