{"id":205617,"date":"2022-10-19T17:45:04","date_gmt":"2022-10-19T20:45:04","guid":{"rendered":"https:\/\/diarioregionaldigital.com.br\/?p=205617"},"modified":"2022-10-19T17:45:04","modified_gmt":"2022-10-19T20:45:04","slug":"economia-recua-08-de-julho-para-agosto-revela-a-fgv","status":"publish","type":"post","link":"https:\/\/diarioregionaldigital.com.br\/?p=205617","title":{"rendered":"Economia recua 0,8% de julho para agosto, revela a FGV"},"content":{"rendered":"<p>O Produto Interno Bruto (PIB), que \u00e9 a soma de todos os bens e servi\u00e7os produzidos no pa\u00eds, caiu 0,8% na passagem de julho para agosto deste ano.<img decoding=\"async\" src=\"https:\/\/agenciabrasil.ebc.com.br\/ebc.png?id=1488816&amp;o=node\" \/><img decoding=\"async\" src=\"https:\/\/agenciabrasil.ebc.com.br\/ebc.gif?id=1488816&amp;o=node\" \/><\/p>\n<p>A informa\u00e7\u00e3o \u00e9 do Monitor do PIB, divulgado hoje (19), no Rio de Janeiro, pela Funda\u00e7\u00e3o Getulio Vargas (FGV).<\/p>\n<p>Segundo a pesquisa, o PIB cresceu 3,7% na compara\u00e7\u00e3o com agosto de 2021 e 3,3% no trimestre m\u00f3vel encerrado em agosto de 2022, na compara\u00e7\u00e3o com o mesmo per\u00edodo do ano passado.<\/p>\n<h2>Retra\u00e7\u00f5es<\/h2>\n<p>Para a FGV, a queda da atividade econ\u00f4mica de julho para agosto est\u00e1 associada a retra\u00e7\u00f5es na ind\u00fastria e nos servi\u00e7os. Pela \u00f3tica da demanda, o consumo das fam\u00edlias caiu 0,5% no per\u00edodo, enquanto a forma\u00e7\u00e3o bruta de capital fixo (investimentos) cresceu 0,7%.<\/p>\n<p>As exporta\u00e7\u00f5es tamb\u00e9m avan\u00e7aram (0,6%), enquanto as importa\u00e7\u00f5es recuaram 0,3% de julho para agosto.<\/p>\n<p><span style=\"font-weight: 400;\">Fonte: Ag\u00eancia Brasil <\/span><\/p>\n","protected":false},"excerpt":{"rendered":"<p>O Produto Interno Bruto (PIB), que \u00e9 a soma de todos os bens e servi\u00e7os produzidos no pa\u00eds, caiu 0,8% na passagem de julho para agosto deste ano. A informa\u00e7\u00e3o \u00e9 do Monitor do PIB, divulgado hoje (19), no Rio de Janeiro, pela Funda\u00e7\u00e3o Getulio Vargas (FGV). Segundo a pesquisa, o PIB cresceu 3,7% na [&hellip;]<\/p>\n","protected":false},"author":246,"featured_media":205618,"comment_status":"closed","ping_status":"closed","sticky":false,"template":"","format":"standard","meta":{"footnotes":""},"categories":[436,440,261,439],"tags":[],"class_list":["post-205617","post","type-post","status-publish","format-standard","has-post-thumbnail","hentry","category-destaque-da-semana","category-destaques-do-dia","category-economia","category-ultima-hora"],"_links":{"self":[{"href":"https:\/\/diarioregionaldigital.com.br\/index.php?rest_route=\/wp\/v2\/posts\/205617","targetHints":{"allow":["GET"]}}],"collection":[{"href":"https:\/\/diarioregionaldigital.com.br\/index.php?rest_route=\/wp\/v2\/posts"}],"about":[{"href":"https:\/\/diarioregionaldigital.com.br\/index.php?rest_route=\/wp\/v2\/types\/post"}],"author":[{"embeddable":true,"href":"https:\/\/diarioregionaldigital.com.br\/index.php?rest_route=\/wp\/v2\/users\/246"}],"replies":[{"embeddable":true,"href":"https:\/\/diarioregionaldigital.com.br\/index.php?rest_route=%2Fwp%2Fv2%2Fcomments&post=205617"}],"version-history":[{"count":1,"href":"https:\/\/diarioregionaldigital.com.br\/index.php?rest_route=\/wp\/v2\/posts\/205617\/revisions"}],"predecessor-version":[{"id":205619,"href":"https:\/\/diarioregionaldigital.com.br\/index.php?rest_route=\/wp\/v2\/posts\/205617\/revisions\/205619"}],"wp:featuredmedia":[{"embeddable":true,"href":"https:\/\/diarioregionaldigital.com.br\/index.php?rest_route=\/wp\/v2\/media\/205618"}],"wp:attachment":[{"href":"https:\/\/diarioregionaldigital.com.br\/index.php?rest_route=%2Fwp%2Fv2%2Fmedia&parent=205617"}],"wp:term":[{"taxonomy":"category","embeddable":true,"href":"https:\/\/diarioregionaldigital.com.br\/index.php?rest_route=%2Fwp%2Fv2%2Fcategories&post=205617"},{"taxonomy":"post_tag","embeddable":true,"href":"https:\/\/diarioregionaldigital.com.br\/index.php?rest_route=%2Fwp%2Fv2%2Ftags&post=205617"}],"curies":[{"name":"wp","href":"https:\/\/api.w.org\/{rel}","templated":true}]}}