{"id":205602,"date":"2022-10-18T21:37:15","date_gmt":"2022-10-19T00:37:15","guid":{"rendered":"https:\/\/diarioregionaldigital.com.br\/?p=205602"},"modified":"2022-10-18T21:37:15","modified_gmt":"2022-10-19T00:37:15","slug":"pjf-realiza-recapeamento-de-quase-1km-de-via-no-bairro-santa-efigenia","status":"publish","type":"post","link":"https:\/\/diarioregionaldigital.com.br\/?p=205602","title":{"rendered":"PJF realiza recapeamento de quase 1km de via no bairro Santa Efig\u00eania"},"content":{"rendered":"<p>Segundo informa\u00e7\u00f5es do site da Prefeitura de Juiz de Fora (PJF), a PJF segue investindo em melhorias nas vias da cidade. Nesta semana, as equipes deram continuidade ao recapeamento na Avenida Pedro Afonso Pinheiro, no bairro Santa Efig\u00eania.<\/p>\n<p>No recapeamento, a camada de asfalto j\u00e1 existente recebe manuten\u00e7\u00e3o e refor\u00e7o, o que, al\u00e9m de aumentar a durabilidade do pavimento, deixa a via nivelada, mais confort\u00e1vel e segura para quem transita por l\u00e1.<\/p>\n<p>Ao todo, 972 metros da via passar\u00e3o por recapeamento, utilizando cerca de 850 toneladas de CBUQ (massa asf\u00e1ltica). A previs\u00e3o \u00e9 que o servi\u00e7o seja finalizado nesta sexta-feira, 21.<\/p>\n<p><strong>Tamb\u00e9m na zona sul<\/strong><\/p>\n<p>Al\u00e9m do recapeamento que est\u00e1 sendo realizado no Santa Efig\u00eania, a Rua Bady Geara, que corta os bairros Ipiranga e Santa Efig\u00eania est\u00e1 recebendo a opera\u00e7\u00e3o tapa-buracos.<\/p>\n<p>Os trabalhos seguem em andamento em v\u00e1rios pontos da cidade e a programa\u00e7\u00e3o completa das atividades realizadas pela Empresa Municipal de Pavimenta\u00e7\u00e3o e Urbanidades (Empav) pode ser acompanhada diariamente atrav\u00e9s da p\u00e1gina do Gabinete de A\u00e7\u00e3o e Di\u00e1logo Comunit\u00e1rio, pelo link.<\/p>\n<p>Todas as a\u00e7\u00f5es de reestrutura\u00e7\u00e3o, urbaniza\u00e7\u00e3o e zeladoria realizadas pela Empresa Municipal de Pavimenta\u00e7\u00e3o e Urbanidades (Empav) fazem parte do Programa Boniteza. Estes e outros servi\u00e7os podem ser solicitados atrav\u00e9s do Gabinete de A\u00e7\u00e3o e Di\u00e1logo Comunit\u00e1rio, que recebe e organiza pedidos relativos a interven\u00e7\u00f5es e melhorias urbanas. O contato pode ser feito por liga\u00e7\u00e3o telef\u00f4nica, pelo n\u00famero (32) 3690-7241 ou, ainda, via WhatsApp, utilizando o mesmo n\u00famero.<\/p>\n","protected":false},"excerpt":{"rendered":"<p>Segundo informa\u00e7\u00f5es do site da Prefeitura de Juiz de Fora (PJF), a PJF segue investindo em melhorias nas vias da cidade. Nesta semana, as equipes deram continuidade ao recapeamento na Avenida Pedro Afonso Pinheiro, no bairro Santa Efig\u00eania. No recapeamento, a camada de asfalto j\u00e1 existente recebe manuten\u00e7\u00e3o e refor\u00e7o, o que, al\u00e9m de aumentar [&hellip;]<\/p>\n","protected":false},"author":246,"featured_media":205603,"comment_status":"closed","ping_status":"closed","sticky":false,"template":"","format":"standard","meta":{"footnotes":""},"categories":[253,436,439],"tags":[],"class_list":["post-205602","post","type-post","status-publish","format-standard","has-post-thumbnail","hentry","category-cidade","category-destaque-da-semana","category-ultima-hora"],"_links":{"self":[{"href":"https:\/\/diarioregionaldigital.com.br\/index.php?rest_route=\/wp\/v2\/posts\/205602","targetHints":{"allow":["GET"]}}],"collection":[{"href":"https:\/\/diarioregionaldigital.com.br\/index.php?rest_route=\/wp\/v2\/posts"}],"about":[{"href":"https:\/\/diarioregionaldigital.com.br\/index.php?rest_route=\/wp\/v2\/types\/post"}],"author":[{"embeddable":true,"href":"https:\/\/diarioregionaldigital.com.br\/index.php?rest_route=\/wp\/v2\/users\/246"}],"replies":[{"embeddable":true,"href":"https:\/\/diarioregionaldigital.com.br\/index.php?rest_route=%2Fwp%2Fv2%2Fcomments&post=205602"}],"version-history":[{"count":1,"href":"https:\/\/diarioregionaldigital.com.br\/index.php?rest_route=\/wp\/v2\/posts\/205602\/revisions"}],"predecessor-version":[{"id":205604,"href":"https:\/\/diarioregionaldigital.com.br\/index.php?rest_route=\/wp\/v2\/posts\/205602\/revisions\/205604"}],"wp:featuredmedia":[{"embeddable":true,"href":"https:\/\/diarioregionaldigital.com.br\/index.php?rest_route=\/wp\/v2\/media\/205603"}],"wp:attachment":[{"href":"https:\/\/diarioregionaldigital.com.br\/index.php?rest_route=%2Fwp%2Fv2%2Fmedia&parent=205602"}],"wp:term":[{"taxonomy":"category","embeddable":true,"href":"https:\/\/diarioregionaldigital.com.br\/index.php?rest_route=%2Fwp%2Fv2%2Fcategories&post=205602"},{"taxonomy":"post_tag","embeddable":true,"href":"https:\/\/diarioregionaldigital.com.br\/index.php?rest_route=%2Fwp%2Fv2%2Ftags&post=205602"}],"curies":[{"name":"wp","href":"https:\/\/api.w.org\/{rel}","templated":true}]}}