{"id":205599,"date":"2022-10-18T21:35:40","date_gmt":"2022-10-19T00:35:40","guid":{"rendered":"https:\/\/diarioregionaldigital.com.br\/?p=205599"},"modified":"2022-10-18T21:35:40","modified_gmt":"2022-10-19T00:35:40","slug":"prefeitura-realiza-abertura-oficial-das-oficinas-de-educacao-permanente-dos-conselheiros-de-saude","status":"publish","type":"post","link":"https:\/\/diarioregionaldigital.com.br\/?p=205599","title":{"rendered":"Prefeitura realiza abertura oficial das Oficinas de Educa\u00e7\u00e3o Permanente dos Conselheiros de Sa\u00fade"},"content":{"rendered":"<p>Segundo informa\u00e7\u00f5es do site da Prefeitura de Juiz de Fora (PJF), a PJF\u00a0e o Conselho Municipal de Sa\u00fade de Juiz de Fora (CMS-JF) realizam nesta quinta-feira, 20, a abertura oficial das Oficinas de Educa\u00e7\u00e3o Permanente dos Conselheiros e Conselheiras Locais, Regionais e Municipais de Sa\u00fade, a partir das 18h, no Cine Theatro Central, com a participa\u00e7\u00e3o da prefeita Margarida Salom\u00e3o e outras autoridades.<\/p>\n<p>No evento, ser\u00e3o capacitados Conselheiros de Sa\u00fade, representando 12 regi\u00f5es de sa\u00fade da cidade. A Palestra Magna, com o tema \u201cO Sistema \u00danico de Sa\u00fade: Gest\u00e3o, Financiamento e o Controle Social em Tempos de Crise\u201d, ser\u00e1 proferida pela doutora em Sa\u00fade Coletiva, Danielle Teles da Cruz, professora do Depto de Sa\u00fade Coletiva da Faculdade de Medicina, da Universidade Federal de Juiz de Fora (UFJF), professora dos Programas de P\u00f3s Gradua\u00e7\u00e3o em Sa\u00fade Coletiva e Mestrado Profissional Sa\u00fade da Fam\u00edlia\u00a0 e pesquisadora de Pol\u00edticas P\u00fablicas de Sa\u00fade.<\/p>\n<p>Conforme o secret\u00e1rio de sa\u00fade, Ivan Chebli, \u201cos Conselhos Municipais de Sa\u00fade s\u00e3o deliberativos sobre pol\u00edticas de sa\u00fade. Ent\u00e3o, n\u00f3s temos que capacitar esses importantes atores sociais para essa miss\u00e3o estrat\u00e9gica, que \u00e9 a defesa do SUS, da cidadania e da sa\u00fade p\u00fablica\u201d.<\/p>\n<p>A Capacita\u00e7\u00e3o dos Conselheiros \u00e9 uma diretriz da Pol\u00edtica Nacional de Educa\u00e7\u00e3o Permanente no SUS e propiciar\u00e1, a partir da apresenta\u00e7\u00e3o de um conjunto de conte\u00fados relacionados \u00e0 Gest\u00e3o, Financiamento, Planejamento, Assist\u00eancia Farmac\u00eautica, Vigil\u00e2ncia em Sa\u00fade, Assist\u00eancia \u00e0 Sa\u00fade, dentre outros, uma maior qualifica\u00e7\u00e3o dos envolvidos.<\/p>\n<p>Segundo Ivan Chebli, \u201cesse curso transcorrer\u00e1 ao longo desse ano e do pr\u00f3ximo, 2023, com temas definidos pelos pr\u00f3prios conselheiros de sa\u00fade, abordando quest\u00f5es como financiamento, controle social, gest\u00e3o do SUS, direitos e deveres, vigil\u00e2ncia em sa\u00fade, dentre outros temas de import\u00e2ncia para gest\u00e3o do SUS\u201d. O cronograma das pr\u00f3ximas oficinas ser\u00e1 divulgado durante o evento.<\/p>\n<p><strong>Programa\u00e7\u00e3o:<\/strong><br \/>\n<strong>O Sistema \u00danico de Sa\u00fade: Gest\u00e3o, Financiamento e o Controle Social em Tempos de Crise.<\/strong><\/p>\n<p>&nbsp;<\/p>\n<p><strong>Data: 20\/10\/2022<\/strong><\/p>\n<p>&nbsp;<\/p>\n<p><strong>18h:<\/strong>\u00a0Inscri\u00e7\u00f5es<\/p>\n<p>&nbsp;<\/p>\n<p><strong>19h:<\/strong>\u00a0Abertura Oficial<\/p>\n<p>&nbsp;<\/p>\n<p><strong>19h30:<\/strong>\u00a0Palestra Magna &#8211; Dra. Danielle Teles da Cruz<\/p>\n<p>&nbsp;<\/p>\n<p><strong>21h<\/strong>: Encerramento<\/p>\n","protected":false},"excerpt":{"rendered":"<p>Segundo informa\u00e7\u00f5es do site da Prefeitura de Juiz de Fora (PJF), a PJF\u00a0e o Conselho Municipal de Sa\u00fade de Juiz de Fora (CMS-JF) realizam nesta quinta-feira, 20, a abertura oficial das Oficinas de Educa\u00e7\u00e3o Permanente dos Conselheiros e Conselheiras Locais, Regionais e Municipais de Sa\u00fade, a partir das 18h, no Cine Theatro Central, com a [&hellip;]<\/p>\n","protected":false},"author":246,"featured_media":205600,"comment_status":"closed","ping_status":"closed","sticky":false,"template":"","format":"standard","meta":{"footnotes":""},"categories":[253,436,439],"tags":[],"class_list":["post-205599","post","type-post","status-publish","format-standard","has-post-thumbnail","hentry","category-cidade","category-destaque-da-semana","category-ultima-hora"],"_links":{"self":[{"href":"https:\/\/diarioregionaldigital.com.br\/index.php?rest_route=\/wp\/v2\/posts\/205599","targetHints":{"allow":["GET"]}}],"collection":[{"href":"https:\/\/diarioregionaldigital.com.br\/index.php?rest_route=\/wp\/v2\/posts"}],"about":[{"href":"https:\/\/diarioregionaldigital.com.br\/index.php?rest_route=\/wp\/v2\/types\/post"}],"author":[{"embeddable":true,"href":"https:\/\/diarioregionaldigital.com.br\/index.php?rest_route=\/wp\/v2\/users\/246"}],"replies":[{"embeddable":true,"href":"https:\/\/diarioregionaldigital.com.br\/index.php?rest_route=%2Fwp%2Fv2%2Fcomments&post=205599"}],"version-history":[{"count":1,"href":"https:\/\/diarioregionaldigital.com.br\/index.php?rest_route=\/wp\/v2\/posts\/205599\/revisions"}],"predecessor-version":[{"id":205601,"href":"https:\/\/diarioregionaldigital.com.br\/index.php?rest_route=\/wp\/v2\/posts\/205599\/revisions\/205601"}],"wp:featuredmedia":[{"embeddable":true,"href":"https:\/\/diarioregionaldigital.com.br\/index.php?rest_route=\/wp\/v2\/media\/205600"}],"wp:attachment":[{"href":"https:\/\/diarioregionaldigital.com.br\/index.php?rest_route=%2Fwp%2Fv2%2Fmedia&parent=205599"}],"wp:term":[{"taxonomy":"category","embeddable":true,"href":"https:\/\/diarioregionaldigital.com.br\/index.php?rest_route=%2Fwp%2Fv2%2Fcategories&post=205599"},{"taxonomy":"post_tag","embeddable":true,"href":"https:\/\/diarioregionaldigital.com.br\/index.php?rest_route=%2Fwp%2Fv2%2Ftags&post=205599"}],"curies":[{"name":"wp","href":"https:\/\/api.w.org\/{rel}","templated":true}]}}