{"id":205596,"date":"2022-10-18T21:34:04","date_gmt":"2022-10-19T00:34:04","guid":{"rendered":"https:\/\/diarioregionaldigital.com.br\/?p=205596"},"modified":"2022-10-18T21:34:04","modified_gmt":"2022-10-19T00:34:04","slug":"pjf-distribui-mil-senhas-no-primeiro-dia-do-cadastramento-para-creches-2023","status":"publish","type":"post","link":"https:\/\/diarioregionaldigital.com.br\/?p=205596","title":{"rendered":"PJF distribui mil senhas no primeiro dia do Cadastramento para Creches 2023"},"content":{"rendered":"<p>Segundo informa\u00e7\u00f5es do site da Prefeitura de Juiz de Fora (PJF), iniciou nesta ter\u00e7a-feira, 18, o Cadastramento de Creches para 2023 pela PJF. As vagas atendem crian\u00e7as de <strong>quatro meses a tr\u00eas anos e 11 meses de idade (nascidas a partir do dia 01\/04\/2019)<\/strong>, conforme o edital publicado no\u00a0<a href=\"https:\/\/www.pjf.mg.gov.br\/e_atos\/e_atos_vis.php?id=99598\"><strong>Atos de Governo<\/strong><\/a>.<\/p>\n<p><strong>Senhas de atendimento<\/strong><\/p>\n<p>Para o melhor atendimento das fam\u00edlias, a Secretaria de Educa\u00e7\u00e3o (SE) elaborou senhas para todos os dias do Cadastro, e as fam\u00edlias que estiverem presentes na sede da SE, poder\u00e3o escolher o melhor dia e hor\u00e1rio de atendimento de acordo com a disponibilidade. Nesta ter\u00e7a, mil senhas referentes aos dias 18, 19, 20, 21 e 24 de outubro foram esgotadas. A partir desta quarta-feira, 19, ser\u00e3o distribu\u00eddas senhas para atendimento a ser realizado do dia 25 de outubro em diante.<\/p>\n<p><strong>Cadastro\u00a0<\/strong><\/p>\n<p>O processo ocorre at\u00e9 o dia 8 de novembro de forma presencial e os pais e\/ou respons\u00e1veis devem comparecer, com a documenta\u00e7\u00e3o listada abaixo na sede da Secretaria de Educa\u00e7\u00e3o (SE), ao\u00a0<strong>Centro de Forma\u00e7\u00e3o do Professor, 1\u00ba Piso, Avenida Get\u00falio Vargas, 200, Espa\u00e7o Mascarenhas<\/strong>, dentro do prazo de inscri\u00e7\u00f5es. O atendimento \u00e9 de 8h \u00e0s 11h e de 14h \u00e0s 17h. O limite de atendimento di\u00e1rio \u00e9 de 200 fam\u00edlias (cem senhas no per\u00edodo da manh\u00e3 e cem no per\u00edodo da tarde).<\/p>\n<p><strong>Documentos necess\u00e1rios<\/strong><br \/>\n<strong>Apresentar original dos seguintes documentos:\u00a0<\/strong><br \/>\n1) Certid\u00e3o de nascimento da crian\u00e7a\u00a0<strong>(Original e c\u00f3pia)<\/strong><\/p>\n<p>&nbsp;<\/p>\n<p>2) Comprovante de conta de luz e\/ou\u00a0 \u00e1gua<\/p>\n<p>&nbsp;<\/p>\n<p>3) Certid\u00e3o de nascimento das crian\u00e7as residentes na casa (0 a 17 anos)<\/p>\n<p>&nbsp;<\/p>\n<p>4) Documento de identidade dos pais\u00a0 e\/ou respons\u00e1veis<\/p>\n<p>&nbsp;<\/p>\n<p>5) Carteira de trabalho e\/ou contracheque dos maiores de 18 anos<\/p>\n<p>&nbsp;<\/p>\n<p>6) Comprovante do Bolsa Fam\u00edlia\/Aux\u00edlio Brasil<\/p>\n<p>&nbsp;<\/p>\n<p>7) Comprovante do Loas\/BPC<\/p>\n<p>&nbsp;<\/p>\n<p>8) Atestado M\u00e9dico (com o n\u00ba do CID) comprovando a defici\u00eancia da crian\u00e7a<\/p>\n<p>&nbsp;<\/p>\n<p>9) Declara\u00e7\u00e3o de escolaridade da m\u00e3e (menor de 18 anos) que estuda<\/p>\n<p>&nbsp;<\/p>\n<p>10) Declara\u00e7\u00e3o de matr\u00edcula de irm\u00e3o(\u00e3)\u00a0 matriculado(a) em creche<\/p>\n<p>&nbsp;<\/p>\n<p><strong>Confira todas as informa\u00e7\u00f5es no\u00a0<\/strong><a href=\"https:\/\/www.pjf.mg.gov.br\/e_atos\/anexos\/006-2022se_114342.pdf\"><strong>edital<\/strong><\/a><strong>\u00a0ou ligue: (32) 3690-7721 e (32) 3690-7341.<\/strong><\/p>\n","protected":false},"excerpt":{"rendered":"<p>Segundo informa\u00e7\u00f5es do site da Prefeitura de Juiz de Fora (PJF), iniciou nesta ter\u00e7a-feira, 18, o Cadastramento de Creches para 2023 pela PJF. As vagas atendem crian\u00e7as de quatro meses a tr\u00eas anos e 11 meses de idade (nascidas a partir do dia 01\/04\/2019), conforme o edital publicado no\u00a0Atos de Governo. Senhas de atendimento Para [&hellip;]<\/p>\n","protected":false},"author":246,"featured_media":205597,"comment_status":"closed","ping_status":"closed","sticky":false,"template":"","format":"standard","meta":{"footnotes":""},"categories":[253,436,439],"tags":[],"class_list":["post-205596","post","type-post","status-publish","format-standard","has-post-thumbnail","hentry","category-cidade","category-destaque-da-semana","category-ultima-hora"],"_links":{"self":[{"href":"https:\/\/diarioregionaldigital.com.br\/index.php?rest_route=\/wp\/v2\/posts\/205596","targetHints":{"allow":["GET"]}}],"collection":[{"href":"https:\/\/diarioregionaldigital.com.br\/index.php?rest_route=\/wp\/v2\/posts"}],"about":[{"href":"https:\/\/diarioregionaldigital.com.br\/index.php?rest_route=\/wp\/v2\/types\/post"}],"author":[{"embeddable":true,"href":"https:\/\/diarioregionaldigital.com.br\/index.php?rest_route=\/wp\/v2\/users\/246"}],"replies":[{"embeddable":true,"href":"https:\/\/diarioregionaldigital.com.br\/index.php?rest_route=%2Fwp%2Fv2%2Fcomments&post=205596"}],"version-history":[{"count":1,"href":"https:\/\/diarioregionaldigital.com.br\/index.php?rest_route=\/wp\/v2\/posts\/205596\/revisions"}],"predecessor-version":[{"id":205598,"href":"https:\/\/diarioregionaldigital.com.br\/index.php?rest_route=\/wp\/v2\/posts\/205596\/revisions\/205598"}],"wp:featuredmedia":[{"embeddable":true,"href":"https:\/\/diarioregionaldigital.com.br\/index.php?rest_route=\/wp\/v2\/media\/205597"}],"wp:attachment":[{"href":"https:\/\/diarioregionaldigital.com.br\/index.php?rest_route=%2Fwp%2Fv2%2Fmedia&parent=205596"}],"wp:term":[{"taxonomy":"category","embeddable":true,"href":"https:\/\/diarioregionaldigital.com.br\/index.php?rest_route=%2Fwp%2Fv2%2Fcategories&post=205596"},{"taxonomy":"post_tag","embeddable":true,"href":"https:\/\/diarioregionaldigital.com.br\/index.php?rest_route=%2Fwp%2Fv2%2Ftags&post=205596"}],"curies":[{"name":"wp","href":"https:\/\/api.w.org\/{rel}","templated":true}]}}