{"id":205593,"date":"2022-10-18T21:31:17","date_gmt":"2022-10-19T00:31:17","guid":{"rendered":"https:\/\/diarioregionaldigital.com.br\/?p=205593"},"modified":"2022-10-18T21:31:17","modified_gmt":"2022-10-19T00:31:17","slug":"projeto-cultura-de-paz-retoma-oficinas-de-capacitacao-nesta-quinta-20","status":"publish","type":"post","link":"https:\/\/diarioregionaldigital.com.br\/?p=205593","title":{"rendered":"Projeto Cultura de Paz retoma oficinas de capacita\u00e7\u00e3o nesta quinta, 20"},"content":{"rendered":"<p>Segundo informa\u00e7\u00f5es do site da Prefeitura de Juiz de Fora (PJF), mais quatro oficinas de capacita\u00e7\u00e3o dos profissionais de sa\u00fade do munic\u00edpio acontecem nesta quinta-feira, 20, na Faculdade de Enfermagem da Universidade Federal de Juiz de Fora (UFJF), a partir das 7h30. A iniciativa integra a agenda das atividades do projeto \u201cCultura de Paz e Preven\u00e7\u00e3o das Viol\u00eancias: Tecendo Redes\u201d, realizado por meio de parceria entre a Prefeitura de Juiz de Fora (PJF) e a UFJF.<\/p>\n<p>Com estes trabalhos, passam a ser 12 o total de oficinas at\u00e9 ent\u00e3o desenvolvidas pelo eixo de Educa\u00e7\u00e3o Continuada. A meta \u00e9 realizar 16, com mais uma data programada para 17 de novembro. At\u00e9 o momento, 111 profissionais j\u00e1 passaram pelas oficinas do Projeto. Para esta quinta-feira, s\u00e3o aguardados mais 80.<\/p>\n<p>Para a professora coordenadora do Cultura de Paz, Cacilda Andrade de S\u00e1, \u201cn\u00e3o basta apenas a capacita\u00e7\u00e3o para o preenchimento das fichas de notifica\u00e7\u00e3o das viol\u00eancias, \u00e9 preciso refletir sobre essas viol\u00eancias e os impactos que elas t\u00eam na sociedade\u201d.<\/p>\n<p>A tamb\u00e9m professora do eixo, Let\u00edcia Moura, destaca que foi disponibilizado um material de apoio para os profissionais de sa\u00fade que v\u00e3o participar das oficinas. Segundo ela, esse conte\u00fado \u00e9 importante, porque serve de base para um conhecimento mais aprofundado sobre conceitos de viol\u00eancia, cultura de paz, notifica\u00e7\u00e3o e preenchimento das fichas. \u201cTodo este material foi selecionado criteriosamente com base em evid\u00eancias cient\u00edficas, para auxiliar os trabalhos frente a este tema t\u00e3o relevante\u201d. Na opini\u00e3o da professora, as oficinas s\u00e3o tamb\u00e9m estrat\u00e9gicas para a forma\u00e7\u00e3o da rede de enfrentamento \u00e0s viol\u00eancias, pois abrem espa\u00e7os para trocas de experi\u00eancias, conhecimentos e oportunizam a solidifica\u00e7\u00e3o dos la\u00e7os entre as pessoas e seus grupos de atua\u00e7\u00e3o.<\/p>\n<p>O material de apoio para as oficinas est\u00e1 dispon\u00edvel no<a href=\"https:\/\/culturadepazjf.wordpress.com\/oficinas\/\">\u00a0<strong>site do Cultura de Paz<\/strong><\/a>\u00a0e na<strong><a href=\"https:\/\/www.pjf.mg.gov.br\/secretarias\/ss\/cultura-de-paz\/index.php\">\u00a0p\u00e1gina da Secretaria de Sa\u00fade (SS)<\/a><\/strong>\u00a0da PJF.<\/p>\n<p><strong>Cultura de Paz e Preven\u00e7\u00e3o das Viol\u00eancias: Tecendo Redes<\/strong><\/p>\n<p>O Projeto \u00e9 uma parceria entre a Prefeitura de Juiz de Fora (PJF) e a Universidade Federal de Juiz de Fora (UFJF) e busca contribuir para o desenvolvimento do Plano Municipal de Fortalecimento da Vigil\u00e2ncia das Causas Externas da PJF. A iniciativa tem dura\u00e7\u00e3o de seis meses e conta, ainda, com f\u00f3runs e campanhas que pretendem alcan\u00e7ar as comunidades e sensibiliz\u00e1-las para o debate sobre o tema e para a busca de solu\u00e7\u00f5es para as diferentes demandas.<br \/>\n<strong>Outras informa\u00e7\u00f5es<\/strong>: @culturadepaz ou culturadepaz.wordpress.com<\/p>\n<p><strong>Foto:<\/strong>\u00a0Ricardo Bedendo<\/p>\n<p>&nbsp;<\/p>\n","protected":false},"excerpt":{"rendered":"<p>Segundo informa\u00e7\u00f5es do site da Prefeitura de Juiz de Fora (PJF), mais quatro oficinas de capacita\u00e7\u00e3o dos profissionais de sa\u00fade do munic\u00edpio acontecem nesta quinta-feira, 20, na Faculdade de Enfermagem da Universidade Federal de Juiz de Fora (UFJF), a partir das 7h30. A iniciativa integra a agenda das atividades do projeto \u201cCultura de Paz e [&hellip;]<\/p>\n","protected":false},"author":246,"featured_media":205594,"comment_status":"closed","ping_status":"closed","sticky":false,"template":"","format":"standard","meta":{"footnotes":""},"categories":[253,436,440,439],"tags":[],"class_list":["post-205593","post","type-post","status-publish","format-standard","has-post-thumbnail","hentry","category-cidade","category-destaque-da-semana","category-destaques-do-dia","category-ultima-hora"],"_links":{"self":[{"href":"https:\/\/diarioregionaldigital.com.br\/index.php?rest_route=\/wp\/v2\/posts\/205593","targetHints":{"allow":["GET"]}}],"collection":[{"href":"https:\/\/diarioregionaldigital.com.br\/index.php?rest_route=\/wp\/v2\/posts"}],"about":[{"href":"https:\/\/diarioregionaldigital.com.br\/index.php?rest_route=\/wp\/v2\/types\/post"}],"author":[{"embeddable":true,"href":"https:\/\/diarioregionaldigital.com.br\/index.php?rest_route=\/wp\/v2\/users\/246"}],"replies":[{"embeddable":true,"href":"https:\/\/diarioregionaldigital.com.br\/index.php?rest_route=%2Fwp%2Fv2%2Fcomments&post=205593"}],"version-history":[{"count":1,"href":"https:\/\/diarioregionaldigital.com.br\/index.php?rest_route=\/wp\/v2\/posts\/205593\/revisions"}],"predecessor-version":[{"id":205595,"href":"https:\/\/diarioregionaldigital.com.br\/index.php?rest_route=\/wp\/v2\/posts\/205593\/revisions\/205595"}],"wp:featuredmedia":[{"embeddable":true,"href":"https:\/\/diarioregionaldigital.com.br\/index.php?rest_route=\/wp\/v2\/media\/205594"}],"wp:attachment":[{"href":"https:\/\/diarioregionaldigital.com.br\/index.php?rest_route=%2Fwp%2Fv2%2Fmedia&parent=205593"}],"wp:term":[{"taxonomy":"category","embeddable":true,"href":"https:\/\/diarioregionaldigital.com.br\/index.php?rest_route=%2Fwp%2Fv2%2Fcategories&post=205593"},{"taxonomy":"post_tag","embeddable":true,"href":"https:\/\/diarioregionaldigital.com.br\/index.php?rest_route=%2Fwp%2Fv2%2Ftags&post=205593"}],"curies":[{"name":"wp","href":"https:\/\/api.w.org\/{rel}","templated":true}]}}