{"id":205590,"date":"2022-10-18T21:23:03","date_gmt":"2022-10-19T00:23:03","guid":{"rendered":"https:\/\/diarioregionaldigital.com.br\/?p=205590"},"modified":"2022-10-18T21:23:03","modified_gmt":"2022-10-19T00:23:03","slug":"promessa-brasileira-kevin-damasceno-e-esperanca-de-bons-resultados-no-mundial-sub-23-e-campeonato-das-americas","status":"publish","type":"post","link":"https:\/\/diarioregionaldigital.com.br\/?p=205590","title":{"rendered":"Promessa brasileira, Kevin Damasceno \u00e9 esperan\u00e7a de bons resultados no Mundial Sub 23 e Campeonato das Am\u00e9ricas"},"content":{"rendered":"<p>A esgrima em cadeira de rodas\u00a0chega \u00e0 cidade de S\u00e3o Paulo, com tr\u00eas grandes eventos entre os dias 17 e 25 de outubro, no Centro de Treinamento Paral\u00edmpico: os Campeonatos Brasileiro, das Am\u00e9ricas e o Mundial sub-23. S\u00e3o esperados mais de uma centena de esgrimistas no agregado das competi\u00e7\u00f5es, representantes de 14 pa\u00edses.<\/p>\n<p>Entre esses atletas est\u00e1 Kevin Damasceno, 18 anos, esgrimista do Gr\u00eamio N\u00e1utico Uni\u00e3o\/RS, uma promessa brasileira. O ga\u00facho compete nas tr\u00eas armas (florete, sabre e espada), mas tem no florete a sua grande paix\u00e3o. \u201cGosto de competir nas tr\u00eas armas, porque vou ganhando experi\u00eancia, mas o meu foco realmente \u00e9 o florete\u201d, disse.<\/p>\n<p>Kevin disputar\u00e1 os tr\u00eas campeonatos em S\u00e3o Paulo. \u201cMinha expectativa \u00e9 chegar bem ao final das tr\u00eas competi\u00e7\u00f5es, com bons resultados. Se isso n\u00e3o acontecer, vamos trabalhar mais para os pr\u00f3ximos torneios\u201d, analisou.<\/p>\n<p>O esgrimista tem mielomeningocele (defici\u00eancia na coluna vertebral) e enalteceu a import\u00e2ncia da esgrima em sua vida. \u201cFoi um achado\u201d, reconheceu. \u201cEla me deu uma vida nova. Quando a gente nasce com uma dificuldade, uma defici\u00eancia, pensa que a vida ser\u00e1 bem mais dif\u00edcil. Mas a esgrima mostra que n\u00e3o. Ela abre muitas portas, dando a oportunidade de conhecer o mundo e pessoas maravilhosas\u201d, disse.<\/p>\n<p>Al\u00e9m disso, a esgrima deu a Kevin a possibilidade de jogar com o seu pai, Fabio Damasceno, que tamb\u00e9m compete nas tr\u00eas armas. \u201cEu me inspiro e me espelho nele e sempre quis ser como meu pai\u201d, comentou. \u201cDesde pequeno, eu o via praticando a esgrima, fazendo as coisas sozinho, como ele sempre se virava sem precisar da ajuda de ningu\u00e9m\u201d, acrescentou.<\/p>\n<p>E assim como j\u00e1 ocorreu por duas vezes, existe a real oportunidade de ambos se enfrentarem em uma final. \u201cPretendo ir bem e espero que ele tamb\u00e9m v\u00e1, para fazermos uma nova final. Mas fico indiferente sobre quem levar a vit\u00f3ria. Se eu ganhar, ele estar\u00e1 feliz. Se ele ganhar, eu estarei feliz\u201d, concluiu.<\/p>\n<p><b>Os torneios<\/b><\/p>\n<p><b><\/b>O Campeonato Brasileiro abre os trabalhos em S\u00e3o Paulo, ocorrendo entre os dias 17 e 19 de outubro, com suas provas individuais realizadas nos dois primeiros dias e os jogos em equipe ocorrendo na \u00faltima data da competi\u00e7\u00e3o. S\u00e3o sete os clubes com representantes inscritos no certame, de seis estados brasileiros. Destaques para a Associa\u00e7\u00e3o Atl\u00e9tica Anthares, de Alagoas, e a Associa\u00e7\u00e3o dos Deficientes F\u00edsicos do Paran\u00e1, com as maiores delega\u00e7\u00f5es.<\/p>\n<p>Todas as provas ser\u00e3o disputadas no sistema de f\u00f3rmula mista, ou seja, um turno de pule seguido do quadro de elimina\u00e7\u00e3o direta, respeitadas as divis\u00f5es de categoria.<\/p>\n<p>J\u00e1 o Mundial Sub-23 ocorre entre os dias 19 e 21 de outubro e o Campeonato das Am\u00e9ricas est\u00e1 agendado para acontecer de 22 a 25 deste m\u00eas. O Mundial recebeu cinquenta inscri\u00e7\u00f5es, com oito pa\u00edses representados na disputa. O Brasil ter\u00e1 nove esgrimistas paral\u00edmpicos no evento, com destaque para Ana Elisa Paz e o j\u00e1 citado Kevin Damasceno, ambos do Gr\u00eamio N\u00e1utico Uni\u00e3o\/RS, que competir\u00e3o nas tr\u00eas armas.<\/p>\n<p>O Campeonato das Am\u00e9ricas ter\u00e1 representantes de nove pa\u00edses, entre eles o brasileiro Jovane Guissone, da Associa\u00e7\u00e3o dos Deficientes F\u00edsicos do Paran\u00e1, medalhista de bronze na \u00faltima Copa do Mundo e expoente da modalidade no pa\u00eds. Al\u00e9m dos 27 brasileiros, os jogos ter\u00e3o a participa\u00e7\u00e3o de argentinos, venezuelanos, chilenos, uruguaios, costarriquenhos, colombianos, norte-americanos e canadenses. O evento recebeu um total de 147 inscri\u00e7\u00f5es, entre homens e mulheres, que competir\u00e3o nas tr\u00eas armas, nas classes \u2018A\u2019 e \u2018B\u2019.<\/p>\n<p class=\"callout\"><b>Confira na sequ\u00eancia os atletas que far\u00e3o parte da sele\u00e7\u00e3o brasileira nas duas competi\u00e7\u00f5es internacionais:<\/b><\/p>\n<p><b>Campeonato Mundial sub-23:<\/b><\/p>\n<p>Ana Elisa Paz, espada, florete e sabre, Gr\u00eamio N\u00e1utico Uni\u00e3o\/RS<\/p>\n<p>Bernardo Maestrelli, espada, Associa\u00e7\u00e3o dos Deficientes F\u00edsicos do Paran\u00e1\/PR<\/p>\n<p>Elias Oliveira, espada e sabre, Barroca T\u00eanis Clube\/MG<\/p>\n<p>Henrique Torres, espada, Barroca T\u00eanis Clube\/MG<\/p>\n<p>Kevin Damasceno, espada, florete e sabre, Gr\u00eamio N\u00e1utico Uni\u00e3o\/RS<\/p>\n<p>Marcelino Maia, espada, Barroca T\u00eanis Clube\/MG<\/p>\n<p>Marya Fernanda Rodrigues, espada e sabre, Associa\u00e7\u00e3o dos Deficientes F\u00edsicos do Paran\u00e1\/PR<\/p>\n<p>Paula Lubianca, espada e florete, Gr\u00eamio N\u00e1utico Uni\u00e3o\/RS<\/p>\n<p>Sabrina Marques, espada, Barroca T\u00eanis Clube\/MG<\/p>\n<p><b>Campeonato das Am\u00e9ricas:<\/b><\/p>\n<p>Alex Sandro Souza, espada, florete e sabre, Esporte Clube Pinheiros\/SP<\/p>\n<p>Ana Elisa Paz, espada, florete e sabre, Gr\u00eamio N\u00e1utico Uni\u00e3o\/RS<\/p>\n<p>Anderson Pires, espada e sabre, Associa\u00e7\u00e3o dos Deficientes F\u00edsicos do Paran\u00e1\/PR<\/p>\n<p>Carminha Oliveira, espada, florete e sabre, Associa\u00e7\u00e3o dos Deficientes F\u00edsicos do Paran\u00e1\/PR<\/p>\n<p>Clodoaldo Zafatoski, espada e florete, Associa\u00e7\u00e3o dos Deficientes F\u00edsicos do Paran\u00e1\/PR<\/p>\n<p>Edgard Rassan Filho, florete e sabre, Associa\u00e7\u00e3o dos Deficientes F\u00edsicos do Paran\u00e1\/PR<\/p>\n<p>Elias Oliveira, sabre, Barroca T\u00eanis Clube\/MG<\/p>\n<p>Elielson da Silva Souza, florete, Barroca T\u00eanis Clube\/MG<\/p>\n<p>Fabiana Soares, espada, florete e sabre, Sport Club Magn\u00f3lia\/RJ<\/p>\n<p>Fabio Luiz Damasceno, espada, florete e sabre, Gr\u00eamio N\u00e1utico Uni\u00e3o\/RS<\/p>\n<p>Gabriela Barcellos, espada, Associa\u00e7\u00e3o dos Deficientes F\u00edsicos do Paran\u00e1\/PR<\/p>\n<p>Izaias Monteiro da Silva, espada e sabre, Associa\u00e7\u00e3o dos Deficientes F\u00edsicos do Paran\u00e1\/PR<\/p>\n<p>Jovane Guissone, espada, florete e sabre, Associa\u00e7\u00e3o dos Deficientes F\u00edsicos do Paran\u00e1\/PR<\/p>\n<p>Karina Maia, espada, florete e sabre, Associa\u00e7\u00e3o dos Deficientes F\u00edsicos do Paran\u00e1\/PR<\/p>\n<p>Kevin Damasceno, florete e sabre, Gr\u00eamio N\u00e1utico Uni\u00e3o\/RS<\/p>\n<p>Lenilson de Oliveira, espada e florete, Club Athletico Paulistano\/SP<\/p>\n<p>Mauricio Stempniak de Lima, espada e florete, Gr\u00eamio N\u00e1utico Uni\u00e3o\/RS<\/p>\n<p>Moacir Ribeiro, espada e sabre, Associa\u00e7\u00e3o dos Deficientes F\u00edsicos do Paran\u00e1\/PR<\/p>\n<p>Monica Santos, espada, florete e sabre, Gr\u00eamio N\u00e1utico Uni\u00e3o\/RS<\/p>\n<p>Rayssa Veras, espada, florete e sabre, Club Athletico Paulistano\/SP<\/p>\n<p>Renato Santana, florete, Barroca T\u00eanis Clube\/MG<\/p>\n<p>Rodrigo Massarutt, espada e sabre, Associa\u00e7\u00e3o dos Deficientes F\u00edsicos do Paran\u00e1\/PR<\/p>\n<p>Rudineia Manica, espada, florete e sabre, Associa\u00e7\u00e3o dos Deficientes F\u00edsicos do Paran\u00e1\/PR<\/p>\n<p>Sabrina Marques, espada, florete e sabre, Barroca T\u00eanis Clube\/MG<\/p>\n<p>Sandro Cola\u00e7o, espada, florete e sabre, Associa\u00e7\u00e3o dos Deficientes F\u00edsicos do Paran\u00e1\/PR<\/p>\n<p>Suelen Rodolpho, espada e florete, Associa\u00e7\u00e3o dos Deficientes F\u00edsicos do Paran\u00e1\/PR<\/p>\n<p>Vanderson Lu\u00eds Chaves, espada, florete e sabre, Gr\u00eamio N\u00e1utico Uni\u00e3o\/RS<\/p>\n<p><i>*Com informa\u00e7\u00f5es da Confedera\u00e7\u00e3o Brasileira de Esgrima (CBE)<\/i><\/p>\n<p><b>Fonte: Comit\u00ea Paral\u00edmpico Brasileiro (CPB)<\/b><\/p>\n","protected":false},"excerpt":{"rendered":"<p>A esgrima em cadeira de rodas\u00a0chega \u00e0 cidade de S\u00e3o Paulo, com tr\u00eas grandes eventos entre os dias 17 e 25 de outubro, no Centro de Treinamento Paral\u00edmpico: os Campeonatos Brasileiro, das Am\u00e9ricas e o Mundial sub-23. S\u00e3o esperados mais de uma centena de esgrimistas no agregado das competi\u00e7\u00f5es, representantes de 14 pa\u00edses. Entre esses [&hellip;]<\/p>\n","protected":false},"author":246,"featured_media":205591,"comment_status":"closed","ping_status":"closed","sticky":false,"template":"","format":"standard","meta":{"footnotes":""},"categories":[436,257,439],"tags":[],"class_list":["post-205590","post","type-post","status-publish","format-standard","has-post-thumbnail","hentry","category-destaque-da-semana","category-esporte","category-ultima-hora"],"_links":{"self":[{"href":"https:\/\/diarioregionaldigital.com.br\/index.php?rest_route=\/wp\/v2\/posts\/205590","targetHints":{"allow":["GET"]}}],"collection":[{"href":"https:\/\/diarioregionaldigital.com.br\/index.php?rest_route=\/wp\/v2\/posts"}],"about":[{"href":"https:\/\/diarioregionaldigital.com.br\/index.php?rest_route=\/wp\/v2\/types\/post"}],"author":[{"embeddable":true,"href":"https:\/\/diarioregionaldigital.com.br\/index.php?rest_route=\/wp\/v2\/users\/246"}],"replies":[{"embeddable":true,"href":"https:\/\/diarioregionaldigital.com.br\/index.php?rest_route=%2Fwp%2Fv2%2Fcomments&post=205590"}],"version-history":[{"count":1,"href":"https:\/\/diarioregionaldigital.com.br\/index.php?rest_route=\/wp\/v2\/posts\/205590\/revisions"}],"predecessor-version":[{"id":205592,"href":"https:\/\/diarioregionaldigital.com.br\/index.php?rest_route=\/wp\/v2\/posts\/205590\/revisions\/205592"}],"wp:featuredmedia":[{"embeddable":true,"href":"https:\/\/diarioregionaldigital.com.br\/index.php?rest_route=\/wp\/v2\/media\/205591"}],"wp:attachment":[{"href":"https:\/\/diarioregionaldigital.com.br\/index.php?rest_route=%2Fwp%2Fv2%2Fmedia&parent=205590"}],"wp:term":[{"taxonomy":"category","embeddable":true,"href":"https:\/\/diarioregionaldigital.com.br\/index.php?rest_route=%2Fwp%2Fv2%2Fcategories&post=205590"},{"taxonomy":"post_tag","embeddable":true,"href":"https:\/\/diarioregionaldigital.com.br\/index.php?rest_route=%2Fwp%2Fv2%2Ftags&post=205590"}],"curies":[{"name":"wp","href":"https:\/\/api.w.org\/{rel}","templated":true}]}}