{"id":205581,"date":"2022-10-18T21:16:35","date_gmt":"2022-10-19T00:16:35","guid":{"rendered":"https:\/\/diarioregionaldigital.com.br\/?p=205581"},"modified":"2022-10-18T21:16:35","modified_gmt":"2022-10-19T00:16:35","slug":"isaquias-queiroz-disputa-copa-do-brasil-de-canoagem-no-rio-de-janeiro","status":"publish","type":"post","link":"https:\/\/diarioregionaldigital.com.br\/?p=205581","title":{"rendered":"Isaquias Queiroz disputa Copa do Brasil de Canoagem no Rio de Janeiro"},"content":{"rendered":"<p>Contando com a participa\u00e7\u00e3o do medalhista ol\u00edmpico Isaquias Queiroz, tiveram in\u00edcio nesta ter\u00e7a-feira (18) o Campeonato Brasileiro Interclubes de Remo e Pararemo 2022 e a Copa do Brasil de Canoagem e Paracanoagem 2022. As competi\u00e7\u00f5es, que t\u00eam como sede o est\u00e1dio de Remo da Lagoa Rodrigo de Freitas, no Rio de Janeiro, ser\u00e3o disputados at\u00e9 o pr\u00f3ximo domingo (23).<img decoding=\"async\" src=\"https:\/\/agenciabrasil.ebc.com.br\/ebc.png?id=1488728&amp;o=node\" \/><img decoding=\"async\" src=\"https:\/\/agenciabrasil.ebc.com.br\/ebc.gif?id=1488728&amp;o=node\" \/><\/p>\n<p>Com entrada franca, o Campeonato Brasileiro de Remo e Pararemo 2022 deu o pontap\u00e9 inicial com duas eliminat\u00f3rias de Double Skiff (2x) da categoria j\u00fanior masculino, nas quais Botafogo e Flamengo se classificaram. A competi\u00e7\u00e3o (na qual poder\u00e3o ser vistos em a\u00e7\u00e3o nomes como Lucas Verthein, representante do Brasil no single skiff nos Jogos de T\u00f3quio, Uncas Tales, bicampe\u00e3o mundial sub-23, e Lara Pizarro, campe\u00e3 sul-americana) contar\u00e1 com cerca de 300 atletas.<\/p>\n<p>\u201cSempre que realizamos um Campeonato Brasileiro a expectativa \u00e9 que seja superada a competi\u00e7\u00e3o que foi realizada no ano anterior. Para isso, tentamos fazer e disponibilizar o que tem de melhor para os atletas se sentirem o mais pr\u00f3ximo poss\u00edvel do que teriam numa competi\u00e7\u00e3o internacional\u201d, declarou a presidente da Confedera\u00e7\u00e3o Brasileira de Remo, Magali Moreira.<\/p>\n<p>J\u00e1 a Copa Brasil de Canoagem e Paracanoagem, que envolve mais de 200 inscritos, come\u00e7a apenas na manh\u00e3 da pr\u00f3xima quarta (19). E o destaque \u00e9 o multimedalhista ol\u00edmpico Isaquias Queiroz, que defende o Flamengo.<\/p>\n<p>\u201cSer\u00e1 uma grande experi\u00eancia, uma oportunidade de unir for\u00e7as da Canoagem e do Remo. S\u00e3o dois esportes irm\u00e3os que estar\u00e3o juntos competindo lado a lado. Trabalhamos muito por essa uni\u00e3o, que ser\u00e1 ben\u00e9fica para as duas modalidades\u201d, afirmou o presidente da Confedera\u00e7\u00e3o Brasileira de Canoagem, Rafael Girotto.<\/p>\n<p><span style=\"font-weight: 400;\">\u00a0<\/span><span style=\"font-weight: 400;\"><br \/>\n<\/span><span style=\"font-weight: 400;\">Fonte: Ag\u00eancia Brasil <\/span><\/p>\n","protected":false},"excerpt":{"rendered":"<p>Contando com a participa\u00e7\u00e3o do medalhista ol\u00edmpico Isaquias Queiroz, tiveram in\u00edcio nesta ter\u00e7a-feira (18) o Campeonato Brasileiro Interclubes de Remo e Pararemo 2022 e a Copa do Brasil de Canoagem e Paracanoagem 2022. As competi\u00e7\u00f5es, que t\u00eam como sede o est\u00e1dio de Remo da Lagoa Rodrigo de Freitas, no Rio de Janeiro, ser\u00e3o disputados at\u00e9 [&hellip;]<\/p>\n","protected":false},"author":246,"featured_media":205582,"comment_status":"closed","ping_status":"closed","sticky":false,"template":"","format":"standard","meta":{"footnotes":""},"categories":[436,440,257,439],"tags":[],"class_list":["post-205581","post","type-post","status-publish","format-standard","has-post-thumbnail","hentry","category-destaque-da-semana","category-destaques-do-dia","category-esporte","category-ultima-hora"],"_links":{"self":[{"href":"https:\/\/diarioregionaldigital.com.br\/index.php?rest_route=\/wp\/v2\/posts\/205581","targetHints":{"allow":["GET"]}}],"collection":[{"href":"https:\/\/diarioregionaldigital.com.br\/index.php?rest_route=\/wp\/v2\/posts"}],"about":[{"href":"https:\/\/diarioregionaldigital.com.br\/index.php?rest_route=\/wp\/v2\/types\/post"}],"author":[{"embeddable":true,"href":"https:\/\/diarioregionaldigital.com.br\/index.php?rest_route=\/wp\/v2\/users\/246"}],"replies":[{"embeddable":true,"href":"https:\/\/diarioregionaldigital.com.br\/index.php?rest_route=%2Fwp%2Fv2%2Fcomments&post=205581"}],"version-history":[{"count":1,"href":"https:\/\/diarioregionaldigital.com.br\/index.php?rest_route=\/wp\/v2\/posts\/205581\/revisions"}],"predecessor-version":[{"id":205583,"href":"https:\/\/diarioregionaldigital.com.br\/index.php?rest_route=\/wp\/v2\/posts\/205581\/revisions\/205583"}],"wp:featuredmedia":[{"embeddable":true,"href":"https:\/\/diarioregionaldigital.com.br\/index.php?rest_route=\/wp\/v2\/media\/205582"}],"wp:attachment":[{"href":"https:\/\/diarioregionaldigital.com.br\/index.php?rest_route=%2Fwp%2Fv2%2Fmedia&parent=205581"}],"wp:term":[{"taxonomy":"category","embeddable":true,"href":"https:\/\/diarioregionaldigital.com.br\/index.php?rest_route=%2Fwp%2Fv2%2Fcategories&post=205581"},{"taxonomy":"post_tag","embeddable":true,"href":"https:\/\/diarioregionaldigital.com.br\/index.php?rest_route=%2Fwp%2Fv2%2Ftags&post=205581"}],"curies":[{"name":"wp","href":"https:\/\/api.w.org\/{rel}","templated":true}]}}