{"id":205578,"date":"2022-10-18T21:10:50","date_gmt":"2022-10-19T00:10:50","guid":{"rendered":"https:\/\/diarioregionaldigital.com.br\/?p=205578"},"modified":"2022-10-18T21:10:50","modified_gmt":"2022-10-19T00:10:50","slug":"tse-da-prazo-de-48-horas-para-defesa-informar-sobre-auditoria-de-urna","status":"publish","type":"post","link":"https:\/\/diarioregionaldigital.com.br\/?p=205578","title":{"rendered":"TSE d\u00e1 prazo de 48 horas para Defesa informar sobre auditoria de urna"},"content":{"rendered":"<p>O presidente do Tribunal Superior Eleitoral (TSE), ministro Alexandre de Moraes, determinou que o Minist\u00e9rio da Defesa apresente em 48 horas os documentos existentes sobre qualquer eventual auditoria de urnas eletr\u00f4nicas conduzida pela pasta.<img decoding=\"async\" src=\"https:\/\/agenciabrasil.ebc.com.br\/ebc.png?id=1488587&amp;o=node\" \/><img decoding=\"async\" src=\"https:\/\/agenciabrasil.ebc.com.br\/ebc.gif?id=1488587&amp;o=node\" \/><\/p>\n<p>Apesar de assinada em 11 de outubro, a decis\u00e3o foi publicada somente no fim da tarde de ontem (17) pelo presidente do TSE, e o prazo dado por ele come\u00e7a a contar hoje (18), esclareceu o TSE.<\/p>\n<p>Moraes proferiu a decis\u00e3o no \u00e2mbito de uma representa\u00e7\u00e3o do partido Rede, apresentada ainda em maio e que buscava barrar, por exemplo, a utiliza\u00e7\u00e3o de recursos p\u00fablicos na contrata\u00e7\u00e3o de auditoria particular sobre as urnas pelo Minist\u00e9rio da Defesa.<\/p>\n<p>A representa\u00e7\u00e3o da legenda foi feita originalmente contra o presidente Jair Bolsonaro, que tenta a reelei\u00e7\u00e3o. A sigla acionou o TSE ap\u00f3s uma\u00a0<em>live<\/em>\u00a0em redes sociais em que o mandat\u00e1rio mencionou a contrata\u00e7\u00e3o de auditoria nas urnas pelos militares. A Rede alegou que as For\u00e7as Armadas estariam sendo \u201cinstrumentalizadas\u201d para desacreditar o processo eleitoral.<\/p>\n<p>O presidente do TSE escreveu que o pedido da Rede perdeu o objeto ante as elei\u00e7\u00f5es j\u00e1 em curso, mas que resolveu proferir nova decis\u00e3o no processo diante de recentes \u201cnot\u00edcias de realiza\u00e7\u00e3o de auditoria das urnas pelas For\u00e7as Armadas, mediante entrega de relat\u00f3rio ao candidato \u00e0 reelei\u00e7\u00e3o\u201d.<\/p>\n<p>Para Moraes, tais not\u00edcias \u201cparecem demonstrar a inten\u00e7\u00e3o de satisfazer a vontade eleitoral manifestada pelo Chefe do Executivo, podendo caracterizar, em tese, desvio de finalidade e abuso de poder\u201d.<\/p>\n<p>Caso o Minist\u00e9rio da Defesa tenha de fato conduzido alguma auditoria sobre as urnas, o ministro determinou ainda que a pasta apresente a fonte de recursos utilizada. Moraes deu tamb\u00e9m cinco dias para que Bolsonaro apresente defesa no processo.<\/p>\n<p>A\u00a0<strong>Ag\u00eancia Brasil<\/strong>\u00a0entrou em contato, por email, com o Minist\u00e9rio da Defesa e aguarda retorno.<\/p>\n<p><span style=\"font-weight: 400;\">Fonte: Ag\u00eancia Brasil <\/span><\/p>\n","protected":false},"excerpt":{"rendered":"<p>O presidente do Tribunal Superior Eleitoral (TSE), ministro Alexandre de Moraes, determinou que o Minist\u00e9rio da Defesa apresente em 48 horas os documentos existentes sobre qualquer eventual auditoria de urnas eletr\u00f4nicas conduzida pela pasta. Apesar de assinada em 11 de outubro, a decis\u00e3o foi publicada somente no fim da tarde de ontem (17) pelo presidente [&hellip;]<\/p>\n","protected":false},"author":246,"featured_media":205579,"comment_status":"closed","ping_status":"closed","sticky":false,"template":"","format":"standard","meta":{"footnotes":""},"categories":[436,254,439],"tags":[],"class_list":["post-205578","post","type-post","status-publish","format-standard","has-post-thumbnail","hentry","category-destaque-da-semana","category-politica","category-ultima-hora"],"_links":{"self":[{"href":"https:\/\/diarioregionaldigital.com.br\/index.php?rest_route=\/wp\/v2\/posts\/205578","targetHints":{"allow":["GET"]}}],"collection":[{"href":"https:\/\/diarioregionaldigital.com.br\/index.php?rest_route=\/wp\/v2\/posts"}],"about":[{"href":"https:\/\/diarioregionaldigital.com.br\/index.php?rest_route=\/wp\/v2\/types\/post"}],"author":[{"embeddable":true,"href":"https:\/\/diarioregionaldigital.com.br\/index.php?rest_route=\/wp\/v2\/users\/246"}],"replies":[{"embeddable":true,"href":"https:\/\/diarioregionaldigital.com.br\/index.php?rest_route=%2Fwp%2Fv2%2Fcomments&post=205578"}],"version-history":[{"count":1,"href":"https:\/\/diarioregionaldigital.com.br\/index.php?rest_route=\/wp\/v2\/posts\/205578\/revisions"}],"predecessor-version":[{"id":205580,"href":"https:\/\/diarioregionaldigital.com.br\/index.php?rest_route=\/wp\/v2\/posts\/205578\/revisions\/205580"}],"wp:featuredmedia":[{"embeddable":true,"href":"https:\/\/diarioregionaldigital.com.br\/index.php?rest_route=\/wp\/v2\/media\/205579"}],"wp:attachment":[{"href":"https:\/\/diarioregionaldigital.com.br\/index.php?rest_route=%2Fwp%2Fv2%2Fmedia&parent=205578"}],"wp:term":[{"taxonomy":"category","embeddable":true,"href":"https:\/\/diarioregionaldigital.com.br\/index.php?rest_route=%2Fwp%2Fv2%2Fcategories&post=205578"},{"taxonomy":"post_tag","embeddable":true,"href":"https:\/\/diarioregionaldigital.com.br\/index.php?rest_route=%2Fwp%2Fv2%2Ftags&post=205578"}],"curies":[{"name":"wp","href":"https:\/\/api.w.org\/{rel}","templated":true}]}}