{"id":205572,"date":"2022-10-18T21:07:52","date_gmt":"2022-10-19T00:07:52","guid":{"rendered":"https:\/\/diarioregionaldigital.com.br\/?p=205572"},"modified":"2022-10-18T21:07:52","modified_gmt":"2022-10-19T00:07:52","slug":"ministro-do-stf-autoriza-transporte-publico-gratuito-no-segundo-turno","status":"publish","type":"post","link":"https:\/\/diarioregionaldigital.com.br\/?p=205572","title":{"rendered":"Ministro do STF autoriza transporte p\u00fablico gratuito no segundo turno"},"content":{"rendered":"<p>O ministro do Supremo Tribunal Federal (STF) Lu\u00eds Roberto Barroso decidiu hoje (18) que prefeituras e empresas de \u00f4nibus poder\u00e3o oferecer transporte p\u00fablico gratuito no segundo turno das elei\u00e7\u00f5es, que ser\u00e1 realizado no pr\u00f3ximo dia 30.<img decoding=\"async\" src=\"https:\/\/agenciabrasil.ebc.com.br\/ebc.png?id=1488634&amp;o=node\" \/><img decoding=\"async\" src=\"https:\/\/agenciabrasil.ebc.com.br\/ebc.gif?id=1488634&amp;o=node\" \/><\/p>\n<p>Pela decis\u00e3o do ministro, os prefeitos que adotarem a medida n\u00e3o poder\u00e3o ser responsabilizados por improbidade administrativa ou crime eleitoral.<\/p>\n<p>A decis\u00e3o foi tomada a partir de uma a\u00e7\u00e3o protocolada pela Rede Sustentabilidade. A pedido do partido, no primeiro turno, o ministro tamb\u00e9m determinou que o transporte p\u00fablico fosse mantido em n\u00edveis normais e que os munic\u00edpios que j\u00e1 ofereceram a gratuidade em pleitos anteriores mantivessem a medida.<\/p>\n<p>Para pedir a gratuidade universal, a Rede argumentou que o voto \u00e9 obrigat\u00f3rio no Brasil, mas que muitos eleitores n\u00e3o t\u00eam condi\u00e7\u00f5es de pagar a passagem at\u00e9 o local de vota\u00e7\u00e3o, que, em muitos casos, \u00e9 mais cara do que a multa pelo n\u00e3o comparecimento, cujo valor m\u00e1ximo \u00e9 de R$ 3,51.<\/p>\n<p>A medida tamb\u00e9m pretende evitar alta absten\u00e7\u00e3o de eleitores no dia da vota\u00e7\u00e3o.<\/p>\n<p><span style=\"font-weight: 400;\">Fonte: Ag\u00eancia Brasil <\/span><\/p>\n","protected":false},"excerpt":{"rendered":"<p>O ministro do Supremo Tribunal Federal (STF) Lu\u00eds Roberto Barroso decidiu hoje (18) que prefeituras e empresas de \u00f4nibus poder\u00e3o oferecer transporte p\u00fablico gratuito no segundo turno das elei\u00e7\u00f5es, que ser\u00e1 realizado no pr\u00f3ximo dia 30. Pela decis\u00e3o do ministro, os prefeitos que adotarem a medida n\u00e3o poder\u00e3o ser responsabilizados por improbidade administrativa ou crime [&hellip;]<\/p>\n","protected":false},"author":246,"featured_media":205573,"comment_status":"closed","ping_status":"closed","sticky":false,"template":"","format":"standard","meta":{"footnotes":""},"categories":[436,254,439],"tags":[],"class_list":["post-205572","post","type-post","status-publish","format-standard","has-post-thumbnail","hentry","category-destaque-da-semana","category-politica","category-ultima-hora"],"_links":{"self":[{"href":"https:\/\/diarioregionaldigital.com.br\/index.php?rest_route=\/wp\/v2\/posts\/205572","targetHints":{"allow":["GET"]}}],"collection":[{"href":"https:\/\/diarioregionaldigital.com.br\/index.php?rest_route=\/wp\/v2\/posts"}],"about":[{"href":"https:\/\/diarioregionaldigital.com.br\/index.php?rest_route=\/wp\/v2\/types\/post"}],"author":[{"embeddable":true,"href":"https:\/\/diarioregionaldigital.com.br\/index.php?rest_route=\/wp\/v2\/users\/246"}],"replies":[{"embeddable":true,"href":"https:\/\/diarioregionaldigital.com.br\/index.php?rest_route=%2Fwp%2Fv2%2Fcomments&post=205572"}],"version-history":[{"count":1,"href":"https:\/\/diarioregionaldigital.com.br\/index.php?rest_route=\/wp\/v2\/posts\/205572\/revisions"}],"predecessor-version":[{"id":205574,"href":"https:\/\/diarioregionaldigital.com.br\/index.php?rest_route=\/wp\/v2\/posts\/205572\/revisions\/205574"}],"wp:featuredmedia":[{"embeddable":true,"href":"https:\/\/diarioregionaldigital.com.br\/index.php?rest_route=\/wp\/v2\/media\/205573"}],"wp:attachment":[{"href":"https:\/\/diarioregionaldigital.com.br\/index.php?rest_route=%2Fwp%2Fv2%2Fmedia&parent=205572"}],"wp:term":[{"taxonomy":"category","embeddable":true,"href":"https:\/\/diarioregionaldigital.com.br\/index.php?rest_route=%2Fwp%2Fv2%2Fcategories&post=205572"},{"taxonomy":"post_tag","embeddable":true,"href":"https:\/\/diarioregionaldigital.com.br\/index.php?rest_route=%2Fwp%2Fv2%2Ftags&post=205572"}],"curies":[{"name":"wp","href":"https:\/\/api.w.org\/{rel}","templated":true}]}}