{"id":205569,"date":"2022-10-18T21:05:58","date_gmt":"2022-10-19T00:05:58","guid":{"rendered":"https:\/\/diarioregionaldigital.com.br\/?p=205569"},"modified":"2022-10-18T21:05:58","modified_gmt":"2022-10-19T00:05:58","slug":"fux-e-condecorado-no-senado-discurso-exalta-democracia","status":"publish","type":"post","link":"https:\/\/diarioregionaldigital.com.br\/?p=205569","title":{"rendered":"Fux \u00e9 condecorado no Senado; discurso exalta democracia"},"content":{"rendered":"<p>O ministro do Supremo Tribunal Federal (STF) Luiz Fux recebeu hoje (18), no Senado, a medalha Gr\u00e3-Cruz da Ordem do Congresso Nacional. A medalha foi concedida em reconhecimento \u00e0 atua\u00e7\u00e3o de Fux na presid\u00eancia do Supremo.<img decoding=\"async\" src=\"https:\/\/agenciabrasil.ebc.com.br\/ebc.png?id=1488738&amp;o=node\" \/><img decoding=\"async\" src=\"https:\/\/agenciabrasil.ebc.com.br\/ebc.gif?id=1488738&amp;o=node\" \/><\/p>\n<p>Em v\u00e1rios trechos de seu discurso, Fux evocou a democracia, o que acabou servindo como um fio condutor de sua fala de agradecimento pela honraria.<\/p>\n<p>\u201cN\u00f3s, protagonistas de nossos tempos, sabemos que o maior s\u00edmbolo da democracia \u00e9 o di\u00e1logo. O verdadeiro democrata valoriza o aprendizado m\u00fatuo, que surge do debate p\u00fablico compromissado com o desenvolvimento do pa\u00eds. Sabe que a coopera\u00e7\u00e3o entre os cidad\u00e3os bem-intencionados, em suas mais diversas expertises, representa o motor do progresso nacional. Essa tem sido a t\u00f4nica da minha caminhada nesses mais de quatro dec\u00eanios na vida p\u00fablica\u201d, afirmou o ministro.<\/p>\n<p>Fux exaltou figuras como Tiradentes, Princesa Isabel e Irm\u00e3 Dulce como refer\u00eancias e inspira\u00e7\u00e3o de um pa\u00eds \u201cdemocr\u00e1tico, de cultura pol\u00edtica pujante, no caminho do desenvolvimento\u201d e citou as elei\u00e7\u00f5es deste ano como um s\u00edmbolo da solidez democr\u00e1tica mencionada em seu discurso.<\/p>\n<p>O ministro ressaltou que as elei\u00e7\u00f5es est\u00e3o se desenrolando em um processo \u201cabsolutamente est\u00e1vel e operacionalizado dentro das regras constitucionais\u201d e destacou o fim das manifesta\u00e7\u00f5es com fins antidemocr\u00e1ticos. \u201c\u00d3bvio, diverg\u00eancias pol\u00edtico-partid\u00e1rias s\u00e3o naturais em qualquer sociedade plural, mas \u00e9 importante assinalar que as vozes das ruas j\u00e1 n\u00e3o gritam, h\u00e1 algum tempo, palavras de ordem contra os valores democr\u00e1ticos.\u201d<\/p>\n<p>Fux comandou o STF de 2020 a 2022 e lembrou que, nesse per\u00edodo, o pa\u00eds, assim como o mundo inteiro, enfrentou a pandemia de covid-19 e uma crise econ\u00f4mica profunda. \u201cNesse per\u00edodo desafiador da nossa hist\u00f3ria, especialmente por conta da pandemia da covid-19, assumimos responsabilidades altamente desafiadoras, sempre em alinhamento com os demais Poderes da Rep\u00fablica, garantindo a manuten\u00e7\u00e3o da estabilidade democr\u00e1tica e institucional do nosso pa\u00eds.\u201d<\/p>\n<p>O presidente do Congresso Nacional, senador Rodrigo Pacheco (PSD-MG), lembrou a gest\u00e3o de Fux no Supremo e afirmou que o magistrado cumpriu seu dever \u201ccom extrema compet\u00eancia\u201d e \u201cimensa dedica\u00e7\u00e3o\u201d. \u201cVossa Excel\u00eancia, ministro Luiz Fux, consolidou-se como um personagem marcante de nossa hist\u00f3ria e, a partir de hoje, pelo recebimento desta ins\u00edgnia, passa a compor um seleto grupo de 428 personalidades da Ordem do Congresso Nacional\u201d.<\/p>\n<h2>Condecora\u00e7\u00e3o<\/h2>\n<p>A Ordem do Congresso Nacional foi criada pelo Decreto Legislativo 70, de 1972. O conselho \u00e9 integrado pelos presidentes do Senado e da C\u00e2mara dos Deputados, al\u00e9m de vice-presidentes, secret\u00e1rios das duas Casas, l\u00edderes da Maioria e da Minoria e presidentes das comiss\u00f5es de Constitui\u00e7\u00e3o e Justi\u00e7a e de Rela\u00e7\u00f5es Exteriores do Senado e da C\u00e2mara.<\/p>\n<p>Na classe Gr\u00e3-Cruz, que foi concedida a Fux, as homenagens se destinam a quem exerceu a chefia de Estado ou de Governo, a Vice-Presid\u00eancia da Rep\u00fablica; a presid\u00eancia do Supremo Tribunal Federal, ou cargo de autoridade equivalente.<\/p>\n<p><span style=\"font-weight: 400;\">\u00a0<\/span><span style=\"font-weight: 400;\"><br \/>\n<\/span><span style=\"font-weight: 400;\">Fonte: Ag\u00eancia Brasil <\/span><\/p>\n","protected":false},"excerpt":{"rendered":"<p>O ministro do Supremo Tribunal Federal (STF) Luiz Fux recebeu hoje (18), no Senado, a medalha Gr\u00e3-Cruz da Ordem do Congresso Nacional. A medalha foi concedida em reconhecimento \u00e0 atua\u00e7\u00e3o de Fux na presid\u00eancia do Supremo. Em v\u00e1rios trechos de seu discurso, Fux evocou a democracia, o que acabou servindo como um fio condutor de [&hellip;]<\/p>\n","protected":false},"author":246,"featured_media":205570,"comment_status":"closed","ping_status":"closed","sticky":false,"template":"","format":"standard","meta":{"footnotes":""},"categories":[436,440,254,439],"tags":[],"class_list":["post-205569","post","type-post","status-publish","format-standard","has-post-thumbnail","hentry","category-destaque-da-semana","category-destaques-do-dia","category-politica","category-ultima-hora"],"_links":{"self":[{"href":"https:\/\/diarioregionaldigital.com.br\/index.php?rest_route=\/wp\/v2\/posts\/205569","targetHints":{"allow":["GET"]}}],"collection":[{"href":"https:\/\/diarioregionaldigital.com.br\/index.php?rest_route=\/wp\/v2\/posts"}],"about":[{"href":"https:\/\/diarioregionaldigital.com.br\/index.php?rest_route=\/wp\/v2\/types\/post"}],"author":[{"embeddable":true,"href":"https:\/\/diarioregionaldigital.com.br\/index.php?rest_route=\/wp\/v2\/users\/246"}],"replies":[{"embeddable":true,"href":"https:\/\/diarioregionaldigital.com.br\/index.php?rest_route=%2Fwp%2Fv2%2Fcomments&post=205569"}],"version-history":[{"count":1,"href":"https:\/\/diarioregionaldigital.com.br\/index.php?rest_route=\/wp\/v2\/posts\/205569\/revisions"}],"predecessor-version":[{"id":205571,"href":"https:\/\/diarioregionaldigital.com.br\/index.php?rest_route=\/wp\/v2\/posts\/205569\/revisions\/205571"}],"wp:featuredmedia":[{"embeddable":true,"href":"https:\/\/diarioregionaldigital.com.br\/index.php?rest_route=\/wp\/v2\/media\/205570"}],"wp:attachment":[{"href":"https:\/\/diarioregionaldigital.com.br\/index.php?rest_route=%2Fwp%2Fv2%2Fmedia&parent=205569"}],"wp:term":[{"taxonomy":"category","embeddable":true,"href":"https:\/\/diarioregionaldigital.com.br\/index.php?rest_route=%2Fwp%2Fv2%2Fcategories&post=205569"},{"taxonomy":"post_tag","embeddable":true,"href":"https:\/\/diarioregionaldigital.com.br\/index.php?rest_route=%2Fwp%2Fv2%2Ftags&post=205569"}],"curies":[{"name":"wp","href":"https:\/\/api.w.org\/{rel}","templated":true}]}}