{"id":205560,"date":"2022-10-18T20:47:07","date_gmt":"2022-10-18T23:47:07","guid":{"rendered":"https:\/\/diarioregionaldigital.com.br\/?p=205560"},"modified":"2022-10-18T20:47:07","modified_gmt":"2022-10-18T23:47:07","slug":"produtores-querem-mostrar-sustentabilidade-da-agropecuaria-na-cop27","status":"publish","type":"post","link":"https:\/\/diarioregionaldigital.com.br\/?p=205560","title":{"rendered":"Produtores querem mostrar sustentabilidade da agropecu\u00e1ria na COP27"},"content":{"rendered":"<p>Setor agropecu\u00e1rio e governo brasileiros est\u00e3o em\u00a0busca de\u00a0unificar os discursos a serem apresentados durante a 27\u00aa Confer\u00eancia das Na\u00e7\u00f5es Unidas sobre Mudan\u00e7as Clim\u00e1ticas (COP27), que ocorrer\u00e1 entre os dias 6 e\u00a018 de novembro\u00a0no Egito. Durante o evento, os pa\u00edses participantes apresentar\u00e3o a\u00e7\u00f5es e posicionamentos com rela\u00e7\u00e3o ao Acordo de Paris e seu objetivo de frear amea\u00e7as decorrentes das mudan\u00e7as clim\u00e1ticas.<img decoding=\"async\" src=\"https:\/\/agenciabrasil.ebc.com.br\/ebc.png?id=1488617&amp;o=node\" \/><img decoding=\"async\" src=\"https:\/\/agenciabrasil.ebc.com.br\/ebc.gif?id=1488617&amp;o=node\" \/><\/p>\n<p>Em encontro ocorrido\u00a0hoje\u00a0(18) na Confedera\u00e7\u00e3o Nacional da Agricultura (CNA), tr\u00eas ministros receberam\u00a0da entidade\u00a0um documento\u00a0detalhando posicionamento e temas considerados relevantes pelo setor agropecu\u00e1rio brasileiro\u00a0a serem debatidos durante a confer\u00eancia.<\/p>\n<p>Segundo a CNA, a COP27 ocorre em um momento de \u201cparticular relev\u00e2ncia\u201d para a implementa\u00e7\u00e3o do Acordo de Paris, em meio aos impactos gerados pela pandemia e pela guerra entre a R\u00fassia e a Ucr\u00e2nia \u2013 situa\u00e7\u00f5es que afetaram, em especial, as seguran\u00e7as alimentar e energ\u00e9tica do continente europeu.<\/p>\n<h2>COP da implementa\u00e7\u00e3o<\/h2>\n<p>Na avalia\u00e7\u00e3o do coordenador de Sustentabilidade da CNA, Nelson Ananias, a confer\u00eancia tem como perspectiva ser reconhecida como a COP da implementa\u00e7\u00e3o\u00a0de medidas e metas apresentadas nas edi\u00e7\u00f5es anteriores.<\/p>\n<p>Segundo Ananias, \u201co futuro da agropecu\u00e1ria brasileira come\u00e7ou h\u00e1 10 anos, com o exitoso programa de agricultura de baixa emiss\u00e3o de carbono\u201d. \u201cOu h\u00e1 pelo menos 50 anos, com o cumprimento de um dos c\u00f3digos florestais mais rigorosos do mundo\u201d, acrescentou, ao afirmar que o agro brasileiro \u201cn\u00e3o est\u00e1 prometendo, mas j\u00e1 faz e cumpre\u201d com as metas apresentadas.<\/p>\n<p>\u201cO Brasil apostou em metas ambiciosas que t\u00eam, na agropecu\u00e1ria, a base fundamental para seu alcance. Para alcan\u00e7ar os objetivos o pa\u00eds precisa agora detalhar [durante a COP] essa estrat\u00e9gia de atingimento de metas propostas, imputando a\u00e7\u00f5es individualizadas e setoriais nos sistemas produtivos. As estrat\u00e9gias precisam ser detalhadas na COP\u201d, disse.<\/p>\n<p>O presidente da CNA, Jo\u00e3o Martins, disse que o setor agropecu\u00e1rio \u201cinvestiu em agricultura menos emissoras de g\u00e1s de efeito estufa e, tamb\u00e9m, na [recomposi\u00e7\u00e3o e na manuten\u00e7\u00e3o de] vegeta\u00e7\u00e3o nativa e biodiversidade\u201d, ao cumprir com as medidas previstas no C\u00f3digo Florestal.<\/p>\n<p>De acordo com Martins, \u201cos produtores brasileiros t\u00eam compromisso com a sustentabilidade\u201d e, em sua grande maioria, n\u00e3o recuou das obriga\u00e7\u00f5es. \u201cAmpliamos nossa produ\u00e7\u00e3o de forma sustent\u00e1vel, porque nosso pa\u00eds \u00e9 provedor de solu\u00e7\u00f5es ambientais e clim\u00e1ticas.\u201d<\/p>\n<h2>Mapa<\/h2>\n<p>O ministro\u00a0da Agricultura, Pecu\u00e1ria e\u00a0Abastecimento,\u00a0Marcos Montes,\u00a0disse que a preocupa\u00e7\u00e3o da agricultura brasileira \u201cficou evidente em 2012, quando demos um grande passo e criamos o C\u00f3digo Florestal\u201d, disse. O problema, acrescentou ele, \u00e9 que, desde ent\u00e3o, o setor agropecu\u00e1rio \u201ccome\u00e7ou a perder a narrativa\u201d, em meio a cr\u00edticas vindas, em especial, pela m\u00eddia brasileira, com rela\u00e7\u00e3o a supostos efeitos danosos deste setor\u00a0ao meio ambiente.<\/p>\n<p>\u201cN\u00e3o conseguimos mostrar nossa narrativa \u00e0 popula\u00e7\u00e3o urbana de nosso pa\u00eds nem \u00e0 popula\u00e7\u00e3o internacional. Isso nos tem causado muitos preju\u00edzos\u201d, acrescentou, ao destacar a import\u00e2ncia de apresentar, durante a COP27, o ponto de vista de que \u201ca tecnologia que implementamos no Brasil \u00e9 o fio de liga\u00e7\u00e3o entre sustentabilidade e produ\u00e7\u00e3o\u201d.<\/p>\n<p>O ministro acrescentou que problemas\u00a0e trag\u00e9dias\u00a0como pandemia e guerras\u00a0\u201ccriam oportunidades\u201d. \u201cA pandemia e o conflito da Ucr\u00e2nia com a R\u00fassia mostraram ao mundo algumas situa\u00e7\u00f5es que o Brasil j\u00e1 vinha defendendo\u201d, relacionadas \u00e0 necessidade de \u201cproduzir com sustentabilidade para alimentarmos o mundo\u201d, disse.<\/p>\n<p>\u201cSustentabilidade n\u00e3o \u00e9 s\u00f3 quest\u00e3o ambiental. \u00c9 econ\u00f4mica e social. Por isso, precisamos sempre fazer nosso dever de casa. J\u00e1 caminhamos muito. Se consertarmos alguns equ\u00edvocos, nossa narrativa ser\u00e1 vencedora\u201d, complementou.<\/p>\n<h2>MMA<\/h2>\n<p>O ministro do Meio Ambiente, Joaquim Leite, que participou do evento, disse que o governo federal \u201centende que tem de fazer pol\u00edtica junto com o agro\u201d. \u201cN\u00e3o \u00e9 somente multar, reduzir e culpar o agro. Pelo contr\u00e1rio: precisamos incentivar uma nova cultura verde como a de baixo carbono, que \u00e9 um belo exemplo para o mundo\u201d, disse, ao afirmar que \u201co Brasil tem o agro convencional mais regenerativo do mundo\u201d.<\/p>\n<p>\u201cIsso significa que toda vez que batemos recorde de produ\u00e7\u00e3o, n\u00f3s melhoramos o solo, tirando\u00a0carbono da atmosfera e colocando ele no solo. Isso \u00e9 uma ferramenta para combater o grande desafio de mudan\u00e7a do clima e para buscar economia neutra de emiss\u00f5es at\u00e9 2050\u201d, argumentou ao apontar a agropecu\u00e1ria como \u201cparte da solu\u00e7\u00e3o de uma nova economia verde.\u201d<\/p>\n<p>\u201cVamos mostrar isso na confer\u00eancia do clima: um agro sustent\u00e1vel e, tamb\u00e9m, o Brasil das energias verdes que passam pela agricultura. Batemos recorde de instala\u00e7\u00e3o de e\u00f3lica de 21 GW, temos solar 14 GW e biomassa. Essas tr\u00eas fontes que passam pelo agro t\u00eam potencial de instala\u00e7\u00e3o de 100 GW nos pr\u00f3ximos anos. Isso tudo pode se transformar em hidrog\u00eanio e am\u00f4nia verdes para exporta\u00e7\u00e3o\u201d, acrescentou.<\/p>\n<h2>MRE<\/h2>\n<p>O ministro das Rela\u00e7\u00f5es Exteriores, Carlos Fran\u00e7a, disse\u00a0acreditar que a economia brasileira, em especial a agropecu\u00e1ria, tem condi\u00e7\u00f5es de ampliar sua competitividade \u201cem um contexto de regras ambientais mais r\u00edgidas\u201d. \u201cTudo que a gente ouve \u00e9 que o empres\u00e1rio e o agro querem se adaptar ao que tem de mais elevado padr\u00e3o ambiental\u201d, disse.<\/p>\n<p>\u201cO Brasil \u00e9 um ator incontorn\u00e1vel em todos os temas ambientais, com territ\u00f3rio, biodiversidade, matriz energ\u00e9tica limpa e uma politica ambiental consistente. Essas s\u00e3o nossas credenciais no debate internacional. H\u00e1 que se defender essas credenciais e estabelecer metas de grande envergadura [durante a COP]\u201d, discursou.<\/p>\n<p>Fran\u00e7a disse\u00a0ter\u00a0conversado com chanceleres de outros pa\u00edses, e que h\u00e1 neles uma expectativa \u201cmuito grande sobre o papel que o Brasil pode desempenhar na seguran\u00e7a alimentar e energ\u00e9tica, em especial do continente europeu\u201d.<\/p>\n<p><span style=\"font-weight: 400;\">Fonte: Ag\u00eancia Brasil <\/span><\/p>\n","protected":false},"excerpt":{"rendered":"<p>Setor agropecu\u00e1rio e governo brasileiros est\u00e3o em\u00a0busca de\u00a0unificar os discursos a serem apresentados durante a 27\u00aa Confer\u00eancia das Na\u00e7\u00f5es Unidas sobre Mudan\u00e7as Clim\u00e1ticas (COP27), que ocorrer\u00e1 entre os dias 6 e\u00a018 de novembro\u00a0no Egito. Durante o evento, os pa\u00edses participantes apresentar\u00e3o a\u00e7\u00f5es e posicionamentos com rela\u00e7\u00e3o ao Acordo de Paris e seu objetivo de frear [&hellip;]<\/p>\n","protected":false},"author":246,"featured_media":205561,"comment_status":"closed","ping_status":"closed","sticky":false,"template":"","format":"standard","meta":{"footnotes":""},"categories":[436,261,439],"tags":[],"class_list":["post-205560","post","type-post","status-publish","format-standard","has-post-thumbnail","hentry","category-destaque-da-semana","category-economia","category-ultima-hora"],"_links":{"self":[{"href":"https:\/\/diarioregionaldigital.com.br\/index.php?rest_route=\/wp\/v2\/posts\/205560","targetHints":{"allow":["GET"]}}],"collection":[{"href":"https:\/\/diarioregionaldigital.com.br\/index.php?rest_route=\/wp\/v2\/posts"}],"about":[{"href":"https:\/\/diarioregionaldigital.com.br\/index.php?rest_route=\/wp\/v2\/types\/post"}],"author":[{"embeddable":true,"href":"https:\/\/diarioregionaldigital.com.br\/index.php?rest_route=\/wp\/v2\/users\/246"}],"replies":[{"embeddable":true,"href":"https:\/\/diarioregionaldigital.com.br\/index.php?rest_route=%2Fwp%2Fv2%2Fcomments&post=205560"}],"version-history":[{"count":1,"href":"https:\/\/diarioregionaldigital.com.br\/index.php?rest_route=\/wp\/v2\/posts\/205560\/revisions"}],"predecessor-version":[{"id":205562,"href":"https:\/\/diarioregionaldigital.com.br\/index.php?rest_route=\/wp\/v2\/posts\/205560\/revisions\/205562"}],"wp:featuredmedia":[{"embeddable":true,"href":"https:\/\/diarioregionaldigital.com.br\/index.php?rest_route=\/wp\/v2\/media\/205561"}],"wp:attachment":[{"href":"https:\/\/diarioregionaldigital.com.br\/index.php?rest_route=%2Fwp%2Fv2%2Fmedia&parent=205560"}],"wp:term":[{"taxonomy":"category","embeddable":true,"href":"https:\/\/diarioregionaldigital.com.br\/index.php?rest_route=%2Fwp%2Fv2%2Fcategories&post=205560"},{"taxonomy":"post_tag","embeddable":true,"href":"https:\/\/diarioregionaldigital.com.br\/index.php?rest_route=%2Fwp%2Fv2%2Ftags&post=205560"}],"curies":[{"name":"wp","href":"https:\/\/api.w.org\/{rel}","templated":true}]}}