{"id":205549,"date":"2022-10-17T21:18:17","date_gmt":"2022-10-18T00:18:17","guid":{"rendered":"https:\/\/diarioregionaldigital.com.br\/?p=205549"},"modified":"2022-10-17T21:18:17","modified_gmt":"2022-10-18T00:18:17","slug":"trevo-do-bairro-vale-do-ipe-e-o-primeiro-a-receber-o-projeto-boniteza-pop-flores-da-esperanca","status":"publish","type":"post","link":"https:\/\/diarioregionaldigital.com.br\/?p=205549","title":{"rendered":"Trevo do bairro Vale do Ip\u00ea \u00e9 o primeiro a receber o projeto \u201cBoniteza Pop \u2013 Flores da Esperan\u00e7a\u201d"},"content":{"rendered":"<p>Segundo informa\u00e7\u00f5es do site da Prefeitura de Juiz de Fora (PJF), nesta segunda-feira, 17, tiveram in\u00edcio os trabalhos de revitaliza\u00e7\u00e3o do trevo do bairro Vale do Ip\u00ea. A a\u00e7\u00e3o \u00e9 a primeira do projeto <a href=\"https:\/\/www.pjf.mg.gov.br\/noticias\/view.php?modo=link2&amp;idnoticia2=77379\"><strong>\u201cBoniteza Pop \u2013 Flores da Esperan\u00e7a\u201d<\/strong><\/a>, lan\u00e7ado pela Prefeitura de Juiz de Fora (PJF) em parceria com as secretarias de Governo, Direitos Humanos e Empav.<\/p>\n<p>No \u00faltimo m\u00eas, moradores em situa\u00e7\u00e3o de rua realizaram no horto florestal da cidade a capacita\u00e7\u00e3o \u201cJardinagem e Cultivo de Plantas Ornamentais\u201d. Ap\u00f3s a qualifica\u00e7\u00e3o, eles receberam o an\u00fancio de que seriam contratados pelo munic\u00edpio. Os sete novos servidores iniciaram as atividades na rotat\u00f3ria do bairro Val\u00ea do Ip\u00ea. O trabalho segue at\u00e9 a pr\u00f3xima quarta-feira, onde ser\u00e3o plantados pet\u00fanias e lambaris roxos.<\/p>\n<p>O secret\u00e1rio de Direitos Humanos, Biel Rocha, destacou que o \u201cBoniteza Pop\u201d \u00e9 mais uma etapa do processo, incentivado pela PJF, de resgatar a cidadania e de garantir a dignidade da popula\u00e7\u00e3o em situa\u00e7\u00e3o de rua. Cidinha Louzada, secret\u00e1ria de Governo, complementou que a a\u00e7\u00e3o inaugura \u201cum grande projeto de qualifica\u00e7\u00e3o das pessoas que estavam invis\u00edveis na sociedade\u201d.<\/p>\n<p>Al\u00e9m da inser\u00e7\u00e3o no mercado de trabalho com garantia de renda e dignidade, outro objetivo do \u201cBoniteza Pop\u201d \u00e9 construir pol\u00edticas p\u00fablicas efetivas, al\u00e9m de dar autonomia \u00e0s pessoas por meio do trabalho. A proposta do projeto \u00e9 a de realizar diversas atividades que auxiliem a reinser\u00e7\u00e3o dessa parcela dapopula\u00e7\u00e3o na sociedade.<\/p>\n<p>&nbsp;<\/p>\n<p><strong>Outras informa\u00e7\u00f5es:<\/strong><\/p>\n<p>(32) 3690-7331 ou\u00a0sedh@pjf.mg.gov.br\u00a0&#8211; Secretaria Especial de Direitos Humanos (SEDH)<\/p>\n<p><strong>Foto:<\/strong>\u00a0Carlos Mendon\u00e7a<\/p>\n","protected":false},"excerpt":{"rendered":"<p>Segundo informa\u00e7\u00f5es do site da Prefeitura de Juiz de Fora (PJF), nesta segunda-feira, 17, tiveram in\u00edcio os trabalhos de revitaliza\u00e7\u00e3o do trevo do bairro Vale do Ip\u00ea. A a\u00e7\u00e3o \u00e9 a primeira do projeto \u201cBoniteza Pop \u2013 Flores da Esperan\u00e7a\u201d, lan\u00e7ado pela Prefeitura de Juiz de Fora (PJF) em parceria com as secretarias de Governo, [&hellip;]<\/p>\n","protected":false},"author":246,"featured_media":205550,"comment_status":"closed","ping_status":"closed","sticky":false,"template":"","format":"standard","meta":{"footnotes":""},"categories":[253,436,439],"tags":[],"class_list":["post-205549","post","type-post","status-publish","format-standard","has-post-thumbnail","hentry","category-cidade","category-destaque-da-semana","category-ultima-hora"],"_links":{"self":[{"href":"https:\/\/diarioregionaldigital.com.br\/index.php?rest_route=\/wp\/v2\/posts\/205549","targetHints":{"allow":["GET"]}}],"collection":[{"href":"https:\/\/diarioregionaldigital.com.br\/index.php?rest_route=\/wp\/v2\/posts"}],"about":[{"href":"https:\/\/diarioregionaldigital.com.br\/index.php?rest_route=\/wp\/v2\/types\/post"}],"author":[{"embeddable":true,"href":"https:\/\/diarioregionaldigital.com.br\/index.php?rest_route=\/wp\/v2\/users\/246"}],"replies":[{"embeddable":true,"href":"https:\/\/diarioregionaldigital.com.br\/index.php?rest_route=%2Fwp%2Fv2%2Fcomments&post=205549"}],"version-history":[{"count":1,"href":"https:\/\/diarioregionaldigital.com.br\/index.php?rest_route=\/wp\/v2\/posts\/205549\/revisions"}],"predecessor-version":[{"id":205551,"href":"https:\/\/diarioregionaldigital.com.br\/index.php?rest_route=\/wp\/v2\/posts\/205549\/revisions\/205551"}],"wp:featuredmedia":[{"embeddable":true,"href":"https:\/\/diarioregionaldigital.com.br\/index.php?rest_route=\/wp\/v2\/media\/205550"}],"wp:attachment":[{"href":"https:\/\/diarioregionaldigital.com.br\/index.php?rest_route=%2Fwp%2Fv2%2Fmedia&parent=205549"}],"wp:term":[{"taxonomy":"category","embeddable":true,"href":"https:\/\/diarioregionaldigital.com.br\/index.php?rest_route=%2Fwp%2Fv2%2Fcategories&post=205549"},{"taxonomy":"post_tag","embeddable":true,"href":"https:\/\/diarioregionaldigital.com.br\/index.php?rest_route=%2Fwp%2Fv2%2Ftags&post=205549"}],"curies":[{"name":"wp","href":"https:\/\/api.w.org\/{rel}","templated":true}]}}