{"id":205543,"date":"2022-10-17T21:15:05","date_gmt":"2022-10-18T00:15:05","guid":{"rendered":"https:\/\/diarioregionaldigital.com.br\/?p=205543"},"modified":"2022-10-17T21:15:05","modified_gmt":"2022-10-18T00:15:05","slug":"feira-da-agricultura-familiar-nao-sera-realizada-nesta-terca-feira-18","status":"publish","type":"post","link":"https:\/\/diarioregionaldigital.com.br\/?p=205543","title":{"rendered":"Feira da Agricultura Familiar n\u00e3o ser\u00e1 realizada nesta ter\u00e7a-feira, 18"},"content":{"rendered":"<p>Segundo informa\u00e7\u00f5es do site da Prefeitura de Juiz de Fora (PJF), a\u00a0Feira da Agricultura Familiar n\u00e3o ser\u00e1 realizada nesta ter\u00e7a-feira, 18, na Pra\u00e7a da Esta\u00e7\u00e3o. O espa\u00e7o foi requisitado pelo Gabinete de Seguran\u00e7a Institucional (GSI), que fechar\u00e1 o local para ato pol\u00edtico, impossibilitando a realiza\u00e7\u00e3o da feira.<\/p>\n","protected":false},"excerpt":{"rendered":"<p>Segundo informa\u00e7\u00f5es do site da Prefeitura de Juiz de Fora (PJF), a\u00a0Feira da Agricultura Familiar n\u00e3o ser\u00e1 realizada nesta ter\u00e7a-feira, 18, na Pra\u00e7a da Esta\u00e7\u00e3o. O espa\u00e7o foi requisitado pelo Gabinete de Seguran\u00e7a Institucional (GSI), que fechar\u00e1 o local para ato pol\u00edtico, impossibilitando a realiza\u00e7\u00e3o da feira.<\/p>\n","protected":false},"author":246,"featured_media":205544,"comment_status":"closed","ping_status":"closed","sticky":false,"template":"","format":"standard","meta":{"footnotes":""},"categories":[253,436,439],"tags":[],"class_list":["post-205543","post","type-post","status-publish","format-standard","has-post-thumbnail","hentry","category-cidade","category-destaque-da-semana","category-ultima-hora"],"_links":{"self":[{"href":"https:\/\/diarioregionaldigital.com.br\/index.php?rest_route=\/wp\/v2\/posts\/205543","targetHints":{"allow":["GET"]}}],"collection":[{"href":"https:\/\/diarioregionaldigital.com.br\/index.php?rest_route=\/wp\/v2\/posts"}],"about":[{"href":"https:\/\/diarioregionaldigital.com.br\/index.php?rest_route=\/wp\/v2\/types\/post"}],"author":[{"embeddable":true,"href":"https:\/\/diarioregionaldigital.com.br\/index.php?rest_route=\/wp\/v2\/users\/246"}],"replies":[{"embeddable":true,"href":"https:\/\/diarioregionaldigital.com.br\/index.php?rest_route=%2Fwp%2Fv2%2Fcomments&post=205543"}],"version-history":[{"count":1,"href":"https:\/\/diarioregionaldigital.com.br\/index.php?rest_route=\/wp\/v2\/posts\/205543\/revisions"}],"predecessor-version":[{"id":205545,"href":"https:\/\/diarioregionaldigital.com.br\/index.php?rest_route=\/wp\/v2\/posts\/205543\/revisions\/205545"}],"wp:featuredmedia":[{"embeddable":true,"href":"https:\/\/diarioregionaldigital.com.br\/index.php?rest_route=\/wp\/v2\/media\/205544"}],"wp:attachment":[{"href":"https:\/\/diarioregionaldigital.com.br\/index.php?rest_route=%2Fwp%2Fv2%2Fmedia&parent=205543"}],"wp:term":[{"taxonomy":"category","embeddable":true,"href":"https:\/\/diarioregionaldigital.com.br\/index.php?rest_route=%2Fwp%2Fv2%2Fcategories&post=205543"},{"taxonomy":"post_tag","embeddable":true,"href":"https:\/\/diarioregionaldigital.com.br\/index.php?rest_route=%2Fwp%2Fv2%2Ftags&post=205543"}],"curies":[{"name":"wp","href":"https:\/\/api.w.org\/{rel}","templated":true}]}}