{"id":205540,"date":"2022-10-17T21:13:12","date_gmt":"2022-10-18T00:13:12","guid":{"rendered":"https:\/\/diarioregionaldigital.com.br\/?p=205540"},"modified":"2022-10-17T21:13:12","modified_gmt":"2022-10-18T00:13:12","slug":"pjf-entrega-24-novos-equipamentos-para-a-saude-do-municipio","status":"publish","type":"post","link":"https:\/\/diarioregionaldigital.com.br\/?p=205540","title":{"rendered":"PJF entrega 24 novos equipamentos para a sa\u00fade do munic\u00edpio"},"content":{"rendered":"<p>Segundo informa\u00e7\u00f5es do site da Prefeitura de Juiz de Fora (PJF), sempre em busca de melhorar o atendimento e os servi\u00e7os de aten\u00e7\u00e3o \u00e0 sa\u00fade da popula\u00e7\u00e3o, a Prefeitura de Juiz de Fora (PJF) recebeu, por meio de emenda parlamentar, ainda do mandato como deputada de Margarida Salom\u00e3o, 24 novos equipamentos hospitalares.<\/p>\n<p>Ao todo, foram seis desfibriladores; tr\u00eas ox\u00edmetros de pulso (aparelho que mede a oxigena\u00e7\u00e3o do sangue); dois colposc\u00f3pios (aparelhos usados para\u00a0exame ginecol\u00f3gico; dois bisturis el\u00e9tricos); um auto refrator, utilizado em exames oftalmol\u00f3gicos; uma cadeira otorrino de \u00faltima gera\u00e7\u00e3o; duas serras de gesso; um doppler venoso (que avalia poss\u00edveis problemas circulat\u00f3rios nos membros inferiores e posteriores do corpo); tr\u00eas carros de urg\u00eancia; e tr\u00eas aspiradores de secre\u00e7\u00e3o.<\/p>\n<p>A emenda no valor de R$ 1.200.000,00, que ainda est\u00e1 em execu\u00e7\u00e3o, prev\u00ea tamb\u00e9m a contrata\u00e7\u00e3o de dois ultrassons, com entrega prevista para novembro, e ainda a aquisi\u00e7\u00e3o de novo mobili\u00e1rio.<\/p>\n<p>Os equipamentos entregues contribuir\u00e3o diretamente para a melhoria do atendimento \u00e0 popula\u00e7\u00e3o de Juiz de Fora e toda regi\u00e3o da Zona da Mata, atrav\u00e9s das unidades de sa\u00fade do Pam Marechal, e Departamentos de Sa\u00fade da Mulher, Gestante, Crian\u00e7a e Adolescente (DSMGCA) e Sa\u00fade Bucal (DSB).<\/p>\n<p>Conforme o secret\u00e1rio de sa\u00fade, Ivan Chebli, \u201cs\u00e3o equipamentos que v\u00e3o melhorar as condi\u00e7\u00f5es de atendimento \u00e0 popula\u00e7\u00e3o em v\u00e1rias especialidades, como otorrino, ortopedia e odontologia. Qualificando ainda mais o atendimento da aten\u00e7\u00e3o secund\u00e1ria \u00e0 nossa popula\u00e7\u00e3o\u201d.<\/p>\n<p><strong>Foto:\u00a0<\/strong>Pexels<\/p>\n","protected":false},"excerpt":{"rendered":"<p>Segundo informa\u00e7\u00f5es do site da Prefeitura de Juiz de Fora (PJF), sempre em busca de melhorar o atendimento e os servi\u00e7os de aten\u00e7\u00e3o \u00e0 sa\u00fade da popula\u00e7\u00e3o, a Prefeitura de Juiz de Fora (PJF) recebeu, por meio de emenda parlamentar, ainda do mandato como deputada de Margarida Salom\u00e3o, 24 novos equipamentos hospitalares. Ao todo, foram [&hellip;]<\/p>\n","protected":false},"author":246,"featured_media":205541,"comment_status":"closed","ping_status":"closed","sticky":false,"template":"","format":"standard","meta":{"footnotes":""},"categories":[253,436,440,439],"tags":[],"class_list":["post-205540","post","type-post","status-publish","format-standard","has-post-thumbnail","hentry","category-cidade","category-destaque-da-semana","category-destaques-do-dia","category-ultima-hora"],"_links":{"self":[{"href":"https:\/\/diarioregionaldigital.com.br\/index.php?rest_route=\/wp\/v2\/posts\/205540","targetHints":{"allow":["GET"]}}],"collection":[{"href":"https:\/\/diarioregionaldigital.com.br\/index.php?rest_route=\/wp\/v2\/posts"}],"about":[{"href":"https:\/\/diarioregionaldigital.com.br\/index.php?rest_route=\/wp\/v2\/types\/post"}],"author":[{"embeddable":true,"href":"https:\/\/diarioregionaldigital.com.br\/index.php?rest_route=\/wp\/v2\/users\/246"}],"replies":[{"embeddable":true,"href":"https:\/\/diarioregionaldigital.com.br\/index.php?rest_route=%2Fwp%2Fv2%2Fcomments&post=205540"}],"version-history":[{"count":1,"href":"https:\/\/diarioregionaldigital.com.br\/index.php?rest_route=\/wp\/v2\/posts\/205540\/revisions"}],"predecessor-version":[{"id":205542,"href":"https:\/\/diarioregionaldigital.com.br\/index.php?rest_route=\/wp\/v2\/posts\/205540\/revisions\/205542"}],"wp:featuredmedia":[{"embeddable":true,"href":"https:\/\/diarioregionaldigital.com.br\/index.php?rest_route=\/wp\/v2\/media\/205541"}],"wp:attachment":[{"href":"https:\/\/diarioregionaldigital.com.br\/index.php?rest_route=%2Fwp%2Fv2%2Fmedia&parent=205540"}],"wp:term":[{"taxonomy":"category","embeddable":true,"href":"https:\/\/diarioregionaldigital.com.br\/index.php?rest_route=%2Fwp%2Fv2%2Fcategories&post=205540"},{"taxonomy":"post_tag","embeddable":true,"href":"https:\/\/diarioregionaldigital.com.br\/index.php?rest_route=%2Fwp%2Fv2%2Ftags&post=205540"}],"curies":[{"name":"wp","href":"https:\/\/api.w.org\/{rel}","templated":true}]}}