{"id":205537,"date":"2022-10-17T21:06:30","date_gmt":"2022-10-18T00:06:30","guid":{"rendered":"https:\/\/diarioregionaldigital.com.br\/?p=205537"},"modified":"2022-10-17T21:06:30","modified_gmt":"2022-10-18T00:06:30","slug":"flamengo-celebra-vitoria-com-reservas-antes-de-decidir-copa-do-brasil","status":"publish","type":"post","link":"https:\/\/diarioregionaldigital.com.br\/?p=205537","title":{"rendered":"Flamengo celebra vit\u00f3ria com reservas antes de decidir Copa do Brasil"},"content":{"rendered":"<p>A decis\u00e3o da Copa do Brasil, contra o Corinthians, \u00e9 a prioridade de momento do Flamengo. At\u00e9 por isso, o Rubro-Negro recebeu o Atl\u00e9tico-MG no \u00faltimo s\u00e1bado (15), pela 32\u00aa rodada do Campeonato Brasileiro, recheado de reservas. Dos jogadores titulares, somente o goleiro Santos e o volante Jo\u00e3o Gomes (suspenso da partida de volta, diante do Tim\u00e3o) foram a campo no Rio de Janeiro. Entre os 12 atletas que iniciaram o encontro no banco, apenas o goleiro Diego Alves n\u00e3o era formado na G\u00e1vea.<img decoding=\"async\" src=\"https:\/\/agenciabrasil.ebc.com.br\/ebc.png?id=1488198&amp;o=node\" \/><img decoding=\"async\" src=\"https:\/\/agenciabrasil.ebc.com.br\/ebc.gif?id=1488198&amp;o=node\" \/><\/p>\n<p>Diante do cen\u00e1rio, a vit\u00f3ria por 1 a 0 no Maracan\u00e3, mesmo palco da partida de quarta-feira (19), \u00e0s 21h45 (hor\u00e1rio de Bras\u00edlia), foi bastante comemorada no time carioca e pela torcida. Apesar de o Flamengo estar fora da briga pelo t\u00edtulo, mais de 51 mil rubro-negros compareceram \u00e0s arquibancadas do est\u00e1dio.<\/p>\n<p>&#8220;Fizemos uma boa partida. Nossa equipe se defendeu muito bem, estava pronta para contra-atacar. Fico muito feliz com a postura que tivemos, a forma com que atuamos. Foi um jogo que mostrou que o Flamengo tem um elenco qualificado. Foi um resultado importante contra uma equipe que tamb\u00e9m concorre conosco. Fisicamente, sentimos a for\u00e7a do grupo, a entrega que est\u00e1 existindo. Todos s\u00e3o aproveitados&#8221;, celebrou o t\u00e9cnico Dorival J\u00fanior, em entrevista coletiva, ap\u00f3s o jogo, que foi transmitido ao vivo pela\u00a0<strong>R\u00e1dio Nacional<\/strong>.<\/p>\n<p>Gra\u00e7as ao triunfo assegurado com gol do atacante Everton Cebolinha, o Flamengo foi a 55 pontos, assumindo provisoriamente o terceiro lugar, com um jogo a mais que o Corinthians, que teve a partida de s\u00e1bado, contra o Goi\u00e1s, no Est\u00e1dio da Serrinha, em Goi\u00e2nia,\u00a0<a href=\"https:\/\/agenciabrasil.ebc.com.br\/esportes\/noticia\/2022-10\/polemica-sobre-torcida-unica-faz-stjd-suspender-goias-x-corinthians\" target=\"_blank\" rel=\"noopener\">suspensa pelo Superior Tribunal de Justi\u00e7a Desportiva<\/a>\u00a0(STJD) do Futebol. O Atl\u00e9tico, por sua vez, permanece com 47 pontos e s\u00f3 n\u00e3o caiu do s\u00e9timo para o oitavo lugar porque, em duelo simult\u00e2neo ao do Maracan\u00e3, o Am\u00e9rica-MG foi superado pelo Fortaleza por 2 a 1, no Independ\u00eancia, em Belo Horizonte.<\/p>\n<p>As aten\u00e7\u00f5es do Flamengo se voltam \u00e0 final da Copa do Brasil e retornam ao Brasileiro apenas no pr\u00f3ximo s\u00e1bado (22), quando a equipe visita o Am\u00e9rica no Independ\u00eancia, \u00e0s 19h. Na segunda-feira da outra semana (24), o Atl\u00e9tico pega o Fortaleza na Arena Castel\u00e3o, na capital cearense, \u00e0s 20h. Os duelos valem pela 33\u00aa rodada.<\/p>\n<p>No embate entre Coelho e Le\u00e3o do Pici, os cearenses tiveram o brilho de Thiago Galhardo, que balan\u00e7ou as redes duas vezes. O Tricolor foi a 44 pontos, em nono, mas pode retornar ao d\u00e9cimo lugar se o Botafogo vencer o Internacional neste domingo (16), \u00e0s 18h, no Est\u00e1dio Nilton Santos, no Rio. O tamb\u00e9m atacante Wellington Paulista, de p\u00eanalti, descontou para os mineiros, que est\u00e3o em oitavo, com 45 pontos.<\/p>\n<p><span style=\"font-weight: 400;\"><br \/>\n<\/span><span style=\"font-weight: 400;\">Fonte: Ag\u00eancia Brasil <\/span><\/p>\n","protected":false},"excerpt":{"rendered":"<p>A decis\u00e3o da Copa do Brasil, contra o Corinthians, \u00e9 a prioridade de momento do Flamengo. At\u00e9 por isso, o Rubro-Negro recebeu o Atl\u00e9tico-MG no \u00faltimo s\u00e1bado (15), pela 32\u00aa rodada do Campeonato Brasileiro, recheado de reservas. Dos jogadores titulares, somente o goleiro Santos e o volante Jo\u00e3o Gomes (suspenso da partida de volta, diante [&hellip;]<\/p>\n","protected":false},"author":246,"featured_media":205538,"comment_status":"closed","ping_status":"closed","sticky":false,"template":"","format":"standard","meta":{"footnotes":""},"categories":[436,257,439],"tags":[],"class_list":["post-205537","post","type-post","status-publish","format-standard","has-post-thumbnail","hentry","category-destaque-da-semana","category-esporte","category-ultima-hora"],"_links":{"self":[{"href":"https:\/\/diarioregionaldigital.com.br\/index.php?rest_route=\/wp\/v2\/posts\/205537","targetHints":{"allow":["GET"]}}],"collection":[{"href":"https:\/\/diarioregionaldigital.com.br\/index.php?rest_route=\/wp\/v2\/posts"}],"about":[{"href":"https:\/\/diarioregionaldigital.com.br\/index.php?rest_route=\/wp\/v2\/types\/post"}],"author":[{"embeddable":true,"href":"https:\/\/diarioregionaldigital.com.br\/index.php?rest_route=\/wp\/v2\/users\/246"}],"replies":[{"embeddable":true,"href":"https:\/\/diarioregionaldigital.com.br\/index.php?rest_route=%2Fwp%2Fv2%2Fcomments&post=205537"}],"version-history":[{"count":1,"href":"https:\/\/diarioregionaldigital.com.br\/index.php?rest_route=\/wp\/v2\/posts\/205537\/revisions"}],"predecessor-version":[{"id":205539,"href":"https:\/\/diarioregionaldigital.com.br\/index.php?rest_route=\/wp\/v2\/posts\/205537\/revisions\/205539"}],"wp:featuredmedia":[{"embeddable":true,"href":"https:\/\/diarioregionaldigital.com.br\/index.php?rest_route=\/wp\/v2\/media\/205538"}],"wp:attachment":[{"href":"https:\/\/diarioregionaldigital.com.br\/index.php?rest_route=%2Fwp%2Fv2%2Fmedia&parent=205537"}],"wp:term":[{"taxonomy":"category","embeddable":true,"href":"https:\/\/diarioregionaldigital.com.br\/index.php?rest_route=%2Fwp%2Fv2%2Fcategories&post=205537"},{"taxonomy":"post_tag","embeddable":true,"href":"https:\/\/diarioregionaldigital.com.br\/index.php?rest_route=%2Fwp%2Fv2%2Ftags&post=205537"}],"curies":[{"name":"wp","href":"https:\/\/api.w.org\/{rel}","templated":true}]}}