{"id":205531,"date":"2022-10-17T21:03:20","date_gmt":"2022-10-18T00:03:20","guid":{"rendered":"https:\/\/diarioregionaldigital.com.br\/?p=205531"},"modified":"2022-10-17T21:03:20","modified_gmt":"2022-10-18T00:03:20","slug":"brasil-se-despede-com-vitoria-do-mundial-de-rugby-em-cadeira-de-rodas","status":"publish","type":"post","link":"https:\/\/diarioregionaldigital.com.br\/?p=205531","title":{"rendered":"Brasil se despede com vit\u00f3ria do Mundial de rugby em cadeira de rodas"},"content":{"rendered":"<p>A sele\u00e7\u00e3o brasileira de rugby em cadeira de rodas disputou o Campeonato Mundial da modalidade pela primeira vez. A participa\u00e7\u00e3o no torneio, realizado em Velje (Dinamarca), chegou ao fim no \u00faltimo\u00a0s\u00e1bado\u00a0(15), com a vit\u00f3ria por 48 a 44 sobre a Su\u00ed\u00e7a, na disputa pelo 11\u00ba lugar.<img decoding=\"async\" src=\"https:\/\/agenciabrasil.ebc.com.br\/ebc.png?id=1488238&amp;o=node\" \/><img decoding=\"async\" src=\"https:\/\/agenciabrasil.ebc.com.br\/ebc.gif?id=1488238&amp;o=node\" \/><\/p>\n<p>Neste\u00a0domingo\u00a0(16), a Austr\u00e1lia se tornou bicampe\u00e3 ao vencer os Estados Unidos (que buscavam o penta) por 58 a 55. A medalha de bronze ficou com o Jap\u00e3o, campe\u00e3o da edi\u00e7\u00e3o anterior, h\u00e1 quatro anos, que superou a anfitri\u00e3 Dinamarca por 61 a 57.<\/p>\n<p>Ausente na Paralimp\u00edada de T\u00f3quio (Jap\u00e3o), o Brasil se\u00a0<a href=\"https:\/\/agenciabrasil.ebc.com.br\/esportes\/noticia\/2022-07\/coluna-rugby-sobre-rodas-do-brasil-trabalha-para-estreia-em-mundial\" target=\"_blank\" rel=\"noopener\">garantiu no Mundial<\/a>\u00a0gra\u00e7as ao terceiro lugar no Campeonato das Am\u00e9ricas, em mar\u00e7o. Na primeira fase da competi\u00e7\u00e3o em Velje, os brasileiros foram derrotados nas cinco partidas do Grupo B. Entre os advers\u00e1rios, estiveram, justamente, a campe\u00e3 Austr\u00e1lia (36 a 57) e os semifinalistas Jap\u00e3o (37 a 58) e Dinamarca (45 a 62). A sele\u00e7\u00e3o verde e amarela tamb\u00e9m n\u00e3o resistiu a Canad\u00e1 (41 a 59) e Col\u00f4mbia (36 a 54), rivais continentais. A equipe ainda brigou pelo nono lugar, mas foi superada pela Alemanha (42 a 53), antes\u00a0da vit\u00f3ria sobre os su\u00ed\u00e7os, a primeira na hist\u00f3ria.<\/p>\n<p>&#8220;[O jogo com a Su\u00ed\u00e7a] Foi muito apertado, parelho. [O resultado] Traz um acalento aos nossos cora\u00e7\u00f5es, depois de jogos t\u00e3o dif\u00edceis, com nossa primeira\u00a0vit\u00f3ria. \u00c9 um processo de aprendizado que a gente precisa [passar]. O Brasil est\u00e1 crescendo e nossa meta, a partir de agora, \u00e9 classificarmos sempre para campeonatos importantes, pois \u00e9 isso que vai elevar o rugby brasileiro. Que seja o primeiro [Mundial] de muitos&#8221;, destacou Jos\u00e9 Higino, atleta e presidente da Associa\u00e7\u00e3o Brasileira de Rugby em Cadeira de Rodas (ABRC), em publica\u00e7\u00e3o no Instagram da entidade.<\/p>\n<p>No ano que vem, os brasileiros ter\u00e3o pela frente os Jogos Parapan-Americanos de Santiago (Chile), que classificam o medalhista de ouro \u00e0 Paralimp\u00edada. A \u00fanica participa\u00e7\u00e3o nos Jogos foi em 2016, quando o evento foi no Rio\u00a0de Janeiro\u00a0e o Brasil competiu como pa\u00eds-sede.<\/p>\n<h2>Modalidade<\/h2>\n<p>O rugby em cadeira de rodas \u00e9 praticado por homens e mulheres, sem divis\u00e3o por g\u00eanero, com tetraplegia ou grau elevado de comprometimento f\u00edsico-motor. Os atletas s\u00e3o divididos em sete classes (de 0,5 ao 3,5, variando a cada meio ponto). Quanto menor o n\u00famero da categoria, maior \u00e9\u00a0a defici\u00eancia. A soma das classes dos atletas em quadra (quatro por time) n\u00e3o pode passar de oito.<\/p>\n<p>O jogo tem quatro per\u00edodos de oito minutos\u00a0e ocorre em uma quadra com dimens\u00f5es de basquete (15 metros de largura por 28 metros de comprimento). Os jogadores, para pontuarem, devem ultrapassar a linha do gol advers\u00e1rio com as duas rodas da cadeira e a bola (semelhante \u00e0 do voleibol) em m\u00e3os.<\/p>\n<p><span style=\"font-weight: 400;\">Fonte: Ag\u00eancia Brasil <\/span><\/p>\n","protected":false},"excerpt":{"rendered":"<p>A sele\u00e7\u00e3o brasileira de rugby em cadeira de rodas disputou o Campeonato Mundial da modalidade pela primeira vez. A participa\u00e7\u00e3o no torneio, realizado em Velje (Dinamarca), chegou ao fim no \u00faltimo\u00a0s\u00e1bado\u00a0(15), com a vit\u00f3ria por 48 a 44 sobre a Su\u00ed\u00e7a, na disputa pelo 11\u00ba lugar. Neste\u00a0domingo\u00a0(16), a Austr\u00e1lia se tornou bicampe\u00e3 ao vencer os [&hellip;]<\/p>\n","protected":false},"author":246,"featured_media":205532,"comment_status":"closed","ping_status":"closed","sticky":false,"template":"","format":"standard","meta":{"footnotes":""},"categories":[436,257,439],"tags":[],"class_list":["post-205531","post","type-post","status-publish","format-standard","has-post-thumbnail","hentry","category-destaque-da-semana","category-esporte","category-ultima-hora"],"_links":{"self":[{"href":"https:\/\/diarioregionaldigital.com.br\/index.php?rest_route=\/wp\/v2\/posts\/205531","targetHints":{"allow":["GET"]}}],"collection":[{"href":"https:\/\/diarioregionaldigital.com.br\/index.php?rest_route=\/wp\/v2\/posts"}],"about":[{"href":"https:\/\/diarioregionaldigital.com.br\/index.php?rest_route=\/wp\/v2\/types\/post"}],"author":[{"embeddable":true,"href":"https:\/\/diarioregionaldigital.com.br\/index.php?rest_route=\/wp\/v2\/users\/246"}],"replies":[{"embeddable":true,"href":"https:\/\/diarioregionaldigital.com.br\/index.php?rest_route=%2Fwp%2Fv2%2Fcomments&post=205531"}],"version-history":[{"count":1,"href":"https:\/\/diarioregionaldigital.com.br\/index.php?rest_route=\/wp\/v2\/posts\/205531\/revisions"}],"predecessor-version":[{"id":205533,"href":"https:\/\/diarioregionaldigital.com.br\/index.php?rest_route=\/wp\/v2\/posts\/205531\/revisions\/205533"}],"wp:featuredmedia":[{"embeddable":true,"href":"https:\/\/diarioregionaldigital.com.br\/index.php?rest_route=\/wp\/v2\/media\/205532"}],"wp:attachment":[{"href":"https:\/\/diarioregionaldigital.com.br\/index.php?rest_route=%2Fwp%2Fv2%2Fmedia&parent=205531"}],"wp:term":[{"taxonomy":"category","embeddable":true,"href":"https:\/\/diarioregionaldigital.com.br\/index.php?rest_route=%2Fwp%2Fv2%2Fcategories&post=205531"},{"taxonomy":"post_tag","embeddable":true,"href":"https:\/\/diarioregionaldigital.com.br\/index.php?rest_route=%2Fwp%2Fv2%2Ftags&post=205531"}],"curies":[{"name":"wp","href":"https:\/\/api.w.org\/{rel}","templated":true}]}}