{"id":205525,"date":"2022-10-17T20:57:00","date_gmt":"2022-10-17T23:57:00","guid":{"rendered":"https:\/\/diarioregionaldigital.com.br\/?p=205525"},"modified":"2022-10-17T20:57:00","modified_gmt":"2022-10-17T23:57:00","slug":"semana-de-conciliacao-mobiliza-tribunais-de-todo-pais","status":"publish","type":"post","link":"https:\/\/diarioregionaldigital.com.br\/?p=205525","title":{"rendered":"Semana de Concilia\u00e7\u00e3o mobiliza tribunais de todo pa\u00eds"},"content":{"rendered":"<p>De 7 a 11 de novembro, tribunais em todo o pa\u00eds estar\u00e3o mobilizados para a Semana Nacional de Concilia\u00e7\u00e3o, uma iniciativa do Conselho Nacional de Justi\u00e7a (CNJ). A proposta desta 17\u00aa edi\u00e7\u00e3o \u00e9 concentrar esfor\u00e7os em diversas esferas do Poder Judici\u00e1rio &#8211; estadual, federal e trabalho &#8211; para conciliar o maior n\u00famero poss\u00edvel de processos. O tema deste ano \u00e9 Menos conflitos e mais recome\u00e7os.<img decoding=\"async\" src=\"https:\/\/agenciabrasil.ebc.com.br\/ebc.png?id=1488506&amp;o=node\" \/><img decoding=\"async\" src=\"https:\/\/agenciabrasil.ebc.com.br\/ebc.gif?id=1488506&amp;o=node\" \/><\/p>\n<p>Durante o ano de 2021, foram realizadas mais de 1,9 milh\u00e3o de audi\u00eancias de concilia\u00e7\u00e3o e assinadas mais de 24,6 milh\u00f5es de senten\u00e7as. No per\u00edodo da Semana de Concilia\u00e7\u00e3o, foram realizadas cerca de 90 mil audi\u00eancias, com 533.161 senten\u00e7as.<\/p>\n<p>Cada tribunal seleciona os processos com possibilidade de acordo e intimam as partes envolvidas para buscar uma solu\u00e7\u00e3o para o conflito. \u201cOs princ\u00edpios norteadores da resolu\u00e7\u00e3o s\u00e3o a informalidade, simplicidade, economia processual, celeridade, oralidade e flexibilidade processual\u201d, explica o conselho. E quem tiver interesse em participar, pode se inscrever diretamente nos tribunais.<\/p>\n<p>Mas a Semana Nacional de Concilia\u00e7\u00e3o n\u00e3o \u00e9 o \u00fanico momento em que a popula\u00e7\u00e3o pode buscar uma media\u00e7\u00e3o para resolver conflitos. Os centros judici\u00e1rios de Solu\u00e7\u00e3o de Conflitos e Cidadania (Cejusc) s\u00e3o espa\u00e7os para agilizar processos e, muitas vezes, evitar a judicializa\u00e7\u00e3o.<\/p>\n<p>Entre os temas que podem ser resolvidos nessas audi\u00eancias est\u00e3o os conflitos envolvendo despesas condominiais, d\u00edvidas em geral, contratos de loca\u00e7\u00e3o, direito de vizinhan\u00e7a, direito do consumidor, cobran\u00e7as, regulamenta\u00e7\u00e3o ou dissolu\u00e7\u00e3o de uni\u00e3o est\u00e1vel, guarda, pens\u00e3o aliment\u00edcia e regulamenta\u00e7\u00e3o de visitas, entre outros.<\/p>\n<p><span style=\"font-weight: 400;\"><br \/>\n<\/span><span style=\"font-weight: 400;\">Fonte: Ag\u00eancia Brasil\u00a0<\/span><span style=\"font-weight: 400;\"><br \/>\n<\/span><\/p>\n","protected":false},"excerpt":{"rendered":"<p>De 7 a 11 de novembro, tribunais em todo o pa\u00eds estar\u00e3o mobilizados para a Semana Nacional de Concilia\u00e7\u00e3o, uma iniciativa do Conselho Nacional de Justi\u00e7a (CNJ). A proposta desta 17\u00aa edi\u00e7\u00e3o \u00e9 concentrar esfor\u00e7os em diversas esferas do Poder Judici\u00e1rio &#8211; estadual, federal e trabalho &#8211; para conciliar o maior n\u00famero poss\u00edvel de processos. [&hellip;]<\/p>\n","protected":false},"author":246,"featured_media":205526,"comment_status":"closed","ping_status":"closed","sticky":false,"template":"","format":"standard","meta":{"footnotes":""},"categories":[436,254,439],"tags":[],"class_list":["post-205525","post","type-post","status-publish","format-standard","has-post-thumbnail","hentry","category-destaque-da-semana","category-politica","category-ultima-hora"],"_links":{"self":[{"href":"https:\/\/diarioregionaldigital.com.br\/index.php?rest_route=\/wp\/v2\/posts\/205525","targetHints":{"allow":["GET"]}}],"collection":[{"href":"https:\/\/diarioregionaldigital.com.br\/index.php?rest_route=\/wp\/v2\/posts"}],"about":[{"href":"https:\/\/diarioregionaldigital.com.br\/index.php?rest_route=\/wp\/v2\/types\/post"}],"author":[{"embeddable":true,"href":"https:\/\/diarioregionaldigital.com.br\/index.php?rest_route=\/wp\/v2\/users\/246"}],"replies":[{"embeddable":true,"href":"https:\/\/diarioregionaldigital.com.br\/index.php?rest_route=%2Fwp%2Fv2%2Fcomments&post=205525"}],"version-history":[{"count":1,"href":"https:\/\/diarioregionaldigital.com.br\/index.php?rest_route=\/wp\/v2\/posts\/205525\/revisions"}],"predecessor-version":[{"id":205527,"href":"https:\/\/diarioregionaldigital.com.br\/index.php?rest_route=\/wp\/v2\/posts\/205525\/revisions\/205527"}],"wp:featuredmedia":[{"embeddable":true,"href":"https:\/\/diarioregionaldigital.com.br\/index.php?rest_route=\/wp\/v2\/media\/205526"}],"wp:attachment":[{"href":"https:\/\/diarioregionaldigital.com.br\/index.php?rest_route=%2Fwp%2Fv2%2Fmedia&parent=205525"}],"wp:term":[{"taxonomy":"category","embeddable":true,"href":"https:\/\/diarioregionaldigital.com.br\/index.php?rest_route=%2Fwp%2Fv2%2Fcategories&post=205525"},{"taxonomy":"post_tag","embeddable":true,"href":"https:\/\/diarioregionaldigital.com.br\/index.php?rest_route=%2Fwp%2Fv2%2Ftags&post=205525"}],"curies":[{"name":"wp","href":"https:\/\/api.w.org\/{rel}","templated":true}]}}