{"id":205522,"date":"2022-10-17T20:55:44","date_gmt":"2022-10-17T23:55:44","guid":{"rendered":"https:\/\/diarioregionaldigital.com.br\/?p=205522"},"modified":"2022-10-17T20:55:44","modified_gmt":"2022-10-17T23:55:44","slug":"lula-critica-difusao-do-odio-na-politica","status":"publish","type":"post","link":"https:\/\/diarioregionaldigital.com.br\/?p=205522","title":{"rendered":"Lula critica difus\u00e3o do \u00f3dio na pol\u00edtica"},"content":{"rendered":"<p>O candidato a presidente Luiz In\u00e1cio Lula da Silva (PT) se reuniu nesta segunda-feira (17), em S\u00e3o Paulo, com religiosos crist\u00e3os cat\u00f3licos durante atividade de campanha \u00e0 tarde. Em sua fala, o petista mencionou a divis\u00e3o causada no pa\u00eds pelas diverg\u00eancias pol\u00edticas e citou ataques recentes sofridos por padres durante a realiza\u00e7\u00e3o de missas.\u00a0<img decoding=\"async\" src=\"https:\/\/agenciabrasil.ebc.com.br\/ebc.png?id=1488493&amp;o=node\" \/><img decoding=\"async\" src=\"https:\/\/agenciabrasil.ebc.com.br\/ebc.gif?id=1488493&amp;o=node\" \/><\/p>\n<p>&#8220;Eu nunca tinha visto o Brasil tomado pelo \u00f3dio, como uma parte da sociedade brasileira est\u00e1 hoje. Eu tenho lido not\u00edcias de padres atacados durante a missa porque est\u00e3o falando da fome, da pobreza e da democracia. Eles s\u00e3o sendo atacados por pessoas que sempre conviveram com a gente e a gente n\u00e3o sabia que essa pessoa tinha tanto \u00f3dio dentro dela&#8221;, disse.<\/p>\n<p>Lula criticou o que chamou de &#8220;direta raivosa&#8221;, que tem ampliado sua influ\u00eancia na pol\u00edtica n\u00e3o apenas no Brasil, mas em muitos pa\u00edses. &#8220;Estamos vendo a direita ganhar espa\u00e7o em muitos lugares, uma direita raivosa. Pessoas que n\u00e3o conhecem a palavra democracia, a palavra respeito&#8221;.<\/p>\n<p>O candidato afirmou que, se eleito, retomar\u00e1 a realiza\u00e7\u00e3o das confer\u00eancias setoriais, com ampla participa\u00e7\u00e3o social, para a formula\u00e7\u00e3o de pol\u00edticas p\u00fablicas. Ele destacou que mais de 70 confer\u00eancias nacionais foram realizadas durante a gest\u00e3o petista no governo federal.<\/p>\n<p>&#8220;Eu tenho a experi\u00eancia de que, s\u00f3 tem sentido eu estar nessa disputa, se a gente tiver como obriga\u00e7\u00e3o que o povo decida as pol\u00edticas que o governo vai colocar em pr\u00e1tica nesse pa\u00eds&#8221;, afirmou.<\/p>\n<p>Pela manh\u00e3, o ex-presidente fez uma caminhada no bairro de S\u00e3o Mateus, na zona leste de S\u00e3o Paulo, com a participa\u00e7\u00e3o de aliados. Durante o ato de campanha, Lula prometeu que o com\u00e9rcio vai voltar em seu governo. \u201cN\u00f3s vamos tomar a atitude de recompor o poder aquisitivo do povo brasileiro\u201d, disse.<\/p>\n<p>Segundo o ex-presidente, o sal\u00e1rio m\u00ednimo n\u00e3o tem aumento real h\u00e1 pelo menos cinco anos e garantiu que vai retomar a pol\u00edtica de valoriza\u00e7\u00e3o do piso nacional. \u201cO sal\u00e1rio m\u00ednimo \u00e9 ganho por 36 milh\u00f5es [de pessoas], dos quais 22 milh\u00f5es s\u00e3o aposentados\u201d, disse. \u201cO sal\u00e1rio m\u00ednimo n\u00e3o aumenta, prejudicando as pessoas que recebem pens\u00e3o e aposentadoria e que est\u00e3o h\u00e1 cinco anos sem receber o reajuste\u201d.<\/p>\n<p><span style=\"font-weight: 400;\">Fonte: Ag\u00eancia Brasil <\/span><\/p>\n","protected":false},"excerpt":{"rendered":"<p>O candidato a presidente Luiz In\u00e1cio Lula da Silva (PT) se reuniu nesta segunda-feira (17), em S\u00e3o Paulo, com religiosos crist\u00e3os cat\u00f3licos durante atividade de campanha \u00e0 tarde. Em sua fala, o petista mencionou a divis\u00e3o causada no pa\u00eds pelas diverg\u00eancias pol\u00edticas e citou ataques recentes sofridos por padres durante a realiza\u00e7\u00e3o de missas.\u00a0 &#8220;Eu [&hellip;]<\/p>\n","protected":false},"author":246,"featured_media":205523,"comment_status":"closed","ping_status":"closed","sticky":false,"template":"","format":"standard","meta":{"footnotes":""},"categories":[436,254,439],"tags":[],"class_list":["post-205522","post","type-post","status-publish","format-standard","has-post-thumbnail","hentry","category-destaque-da-semana","category-politica","category-ultima-hora"],"_links":{"self":[{"href":"https:\/\/diarioregionaldigital.com.br\/index.php?rest_route=\/wp\/v2\/posts\/205522","targetHints":{"allow":["GET"]}}],"collection":[{"href":"https:\/\/diarioregionaldigital.com.br\/index.php?rest_route=\/wp\/v2\/posts"}],"about":[{"href":"https:\/\/diarioregionaldigital.com.br\/index.php?rest_route=\/wp\/v2\/types\/post"}],"author":[{"embeddable":true,"href":"https:\/\/diarioregionaldigital.com.br\/index.php?rest_route=\/wp\/v2\/users\/246"}],"replies":[{"embeddable":true,"href":"https:\/\/diarioregionaldigital.com.br\/index.php?rest_route=%2Fwp%2Fv2%2Fcomments&post=205522"}],"version-history":[{"count":1,"href":"https:\/\/diarioregionaldigital.com.br\/index.php?rest_route=\/wp\/v2\/posts\/205522\/revisions"}],"predecessor-version":[{"id":205524,"href":"https:\/\/diarioregionaldigital.com.br\/index.php?rest_route=\/wp\/v2\/posts\/205522\/revisions\/205524"}],"wp:featuredmedia":[{"embeddable":true,"href":"https:\/\/diarioregionaldigital.com.br\/index.php?rest_route=\/wp\/v2\/media\/205523"}],"wp:attachment":[{"href":"https:\/\/diarioregionaldigital.com.br\/index.php?rest_route=%2Fwp%2Fv2%2Fmedia&parent=205522"}],"wp:term":[{"taxonomy":"category","embeddable":true,"href":"https:\/\/diarioregionaldigital.com.br\/index.php?rest_route=%2Fwp%2Fv2%2Fcategories&post=205522"},{"taxonomy":"post_tag","embeddable":true,"href":"https:\/\/diarioregionaldigital.com.br\/index.php?rest_route=%2Fwp%2Fv2%2Ftags&post=205522"}],"curies":[{"name":"wp","href":"https:\/\/api.w.org\/{rel}","templated":true}]}}