{"id":205517,"date":"2022-10-17T20:54:36","date_gmt":"2022-10-17T23:54:36","guid":{"rendered":"https:\/\/diarioregionaldigital.com.br\/?p=205517"},"modified":"2022-10-17T20:54:36","modified_gmt":"2022-10-17T23:54:36","slug":"bolsonaro-recebe-apoio-de-ex-senadores-e-cantores-sertanejos","status":"publish","type":"post","link":"https:\/\/diarioregionaldigital.com.br\/?p=205517","title":{"rendered":"Bolsonaro recebe apoio de ex-senadores e cantores sertanejos"},"content":{"rendered":"<p>O candidato \u00e0 reelei\u00e7\u00e3o pelo PL, Jair Bolsonaro, recebeu hoje (17) o apoio de dois ex-senadores \u00e0 sua reelei\u00e7\u00e3o. Ele se reuniu, no Pal\u00e1cio da Alvorada, com Arthur Virg\u00edlio Neto (PSDB) e Jos\u00e9 Agripino Maia (Uni\u00e3o Brasil).<img decoding=\"async\" src=\"https:\/\/agenciabrasil.ebc.com.br\/ebc.png?id=1488358&amp;o=node\" \/><img decoding=\"async\" src=\"https:\/\/agenciabrasil.ebc.com.br\/ebc.gif?id=1488358&amp;o=node\" \/><\/p>\n<p>\u201cVim com tranquilidade, com esp\u00edrito muito livre, dizer que meu voto \u00e9 Bolsonaro. E voto com muita tranquilidade, sabendo que ele tem, no campo econ\u00f4mico, muito mais semelhan\u00e7as comigo do que o Lula tem\u201d, disse Arthur Virgilio, defendendo uma pol\u00edtica de privatiza\u00e7\u00f5es de empresas e concess\u00f5es \u00e0 iniciativa privada.<\/p>\n<p>\u201cN\u00e3o defendo privatizar o que \u00e9 de estrat\u00e9gia militar. O resto, o papel do estado \u00e9 conseguir dinheiro, inclusive com medidas como privatiza\u00e7\u00e3o e concess\u00f5es onerosas, para se dedicar efetivamente a revolucionar a educa\u00e7\u00e3o do pa\u00eds. Este \u00e9 um pa\u00eds que precisa melhorar profundamente seus sistemas de educa\u00e7\u00e3o e de sa\u00fade\u201d, completou.<\/p>\n<p>Arthur Virg\u00edlio foi ministro durante o governo de Fernando Henrique Cardoso, senador e deputado federal pelo Amazonas e prefeito de Manaus por tr\u00eas mandatos. J\u00e1 Jos\u00e9 Agripino Maia foi governador e senador pelo Rio Grande do Norte.<\/p>\n<p>\u201cEssas duas lideran\u00e7as s\u00e3o muito bem-vindas e \u00e9 um tom de pacifica\u00e7\u00e3o e uni\u00e3o nacional, s\u00e3o lideran\u00e7as pol\u00edticas de todas as 27 unidades da federa\u00e7\u00e3o [prestando apoio \u00e0 candidatura]. Obviamente isso \u00e9 bom para o Brasil porque tudo, cada vez mais, se mostra pacificado\u201d, disse Bolsonaro. \u201cTenho dito que o perfil da C\u00e2mara e do Senado \u00e9 de centro-direita. E temos um caminho bastante asfaltado para que propostas que interessam ao Brasil como um todo sejam aprovadas com mais agilidade. E a consequ\u00eancia disso \u00e9 de dias melhores para todos n\u00f3s\u201d, completou.<\/p>\n<p>No fim da manh\u00e3 desta segunda-feira, Bolsonaro tamb\u00e9m recebeu, em sua resid\u00eancia oficial, os cantores sertanejos Leonardo,\u00a0Gusttavo Lima, Zez\u00e9 di Camargo, Chit\u00e3ozinho e Fernando (da dupla Fernando e Sorocaba), que endossaram seu apoio \u00e0 reelei\u00e7\u00e3o do presidente.<\/p>\n<p><a href=\"https:\/\/agenciabrasil.ebc.com.br\/politica\/noticia\/2022-10\/confira-agenda-dos-candidatos-presidencia-desta-segunda-1610\" target=\"_blank\" rel=\"noopener\">Clique aqui<\/a>\u00a0e confira a agenda dos candidatos \u00e0 Presid\u00eancia.<\/p>\n<p><span style=\"font-weight: 400;\">Fonte: Ag\u00eancia Brasil <\/span><\/p>\n","protected":false},"excerpt":{"rendered":"<p>O candidato \u00e0 reelei\u00e7\u00e3o pelo PL, Jair Bolsonaro, recebeu hoje (17) o apoio de dois ex-senadores \u00e0 sua reelei\u00e7\u00e3o. Ele se reuniu, no Pal\u00e1cio da Alvorada, com Arthur Virg\u00edlio Neto (PSDB) e Jos\u00e9 Agripino Maia (Uni\u00e3o Brasil). \u201cVim com tranquilidade, com esp\u00edrito muito livre, dizer que meu voto \u00e9 Bolsonaro. E voto com muita tranquilidade, [&hellip;]<\/p>\n","protected":false},"author":246,"featured_media":205518,"comment_status":"closed","ping_status":"closed","sticky":false,"template":"","format":"standard","meta":{"footnotes":""},"categories":[436,254,439],"tags":[],"class_list":["post-205517","post","type-post","status-publish","format-standard","has-post-thumbnail","hentry","category-destaque-da-semana","category-politica","category-ultima-hora"],"_links":{"self":[{"href":"https:\/\/diarioregionaldigital.com.br\/index.php?rest_route=\/wp\/v2\/posts\/205517","targetHints":{"allow":["GET"]}}],"collection":[{"href":"https:\/\/diarioregionaldigital.com.br\/index.php?rest_route=\/wp\/v2\/posts"}],"about":[{"href":"https:\/\/diarioregionaldigital.com.br\/index.php?rest_route=\/wp\/v2\/types\/post"}],"author":[{"embeddable":true,"href":"https:\/\/diarioregionaldigital.com.br\/index.php?rest_route=\/wp\/v2\/users\/246"}],"replies":[{"embeddable":true,"href":"https:\/\/diarioregionaldigital.com.br\/index.php?rest_route=%2Fwp%2Fv2%2Fcomments&post=205517"}],"version-history":[{"count":1,"href":"https:\/\/diarioregionaldigital.com.br\/index.php?rest_route=\/wp\/v2\/posts\/205517\/revisions"}],"predecessor-version":[{"id":205519,"href":"https:\/\/diarioregionaldigital.com.br\/index.php?rest_route=\/wp\/v2\/posts\/205517\/revisions\/205519"}],"wp:featuredmedia":[{"embeddable":true,"href":"https:\/\/diarioregionaldigital.com.br\/index.php?rest_route=\/wp\/v2\/media\/205518"}],"wp:attachment":[{"href":"https:\/\/diarioregionaldigital.com.br\/index.php?rest_route=%2Fwp%2Fv2%2Fmedia&parent=205517"}],"wp:term":[{"taxonomy":"category","embeddable":true,"href":"https:\/\/diarioregionaldigital.com.br\/index.php?rest_route=%2Fwp%2Fv2%2Fcategories&post=205517"},{"taxonomy":"post_tag","embeddable":true,"href":"https:\/\/diarioregionaldigital.com.br\/index.php?rest_route=%2Fwp%2Fv2%2Ftags&post=205517"}],"curies":[{"name":"wp","href":"https:\/\/api.w.org\/{rel}","templated":true}]}}