{"id":205514,"date":"2022-10-17T20:52:33","date_gmt":"2022-10-17T23:52:33","guid":{"rendered":"https:\/\/diarioregionaldigital.com.br\/?p=205514"},"modified":"2022-10-17T20:52:33","modified_gmt":"2022-10-17T23:52:33","slug":"tarcisio-diz-que-tiros-foram-intimidacao-e-descarta-atentado","status":"publish","type":"post","link":"https:\/\/diarioregionaldigital.com.br\/?p=205514","title":{"rendered":"Tarc\u00edsio diz que tiros foram intimida\u00e7\u00e3o e descarta atentado"},"content":{"rendered":"<div class=\"post-item-wrap\">\n<p>Em entrevista coletiva na tarde de hoje (17), o candidato do Republicanos ao governo do estado de S\u00e3o Paulo, Tarc\u00edsio de Freitas, descartou que o tiroteio ocorrido pr\u00f3ximo ao local de sua visita a um programa social em Parais\u00f3polis, na manh\u00e3 desta segunda-feira, na capital paulista, tenha sido um atentado pol\u00edtico-partid\u00e1rio. Em sua avalia\u00e7\u00e3o, o que ocorreu foi uma \u201cintimida\u00e7\u00e3o\u201d feita pelo crime organizado para demarcar territ\u00f3rio.\u00a0<img decoding=\"async\" src=\"https:\/\/agenciabrasil.ebc.com.br\/ebc.png?id=1488489&amp;o=node\" \/><img decoding=\"async\" src=\"https:\/\/agenciabrasil.ebc.com.br\/ebc.gif?id=1488489&amp;o=node\" \/><\/p>\n<p>\u201cNa minha opini\u00e3o foi um ato de intimida\u00e7\u00e3o. Foi um recado claro do crime organizado dizendo o seguinte: voc\u00eas n\u00e3o s\u00e3o bem-vindos aqui. A gente n\u00e3o quer voc\u00eas aqui dentro. Para mim, \u00e9 uma quest\u00e3o territorial. N\u00e3o tem nada a ver com uma quest\u00e3o pol\u00edtica, n\u00e3o tem nada a ver com uma quest\u00e3o eleitoral. Mas \u00e9 uma quest\u00e3o territorial\u201d, disse o candidato.<\/p>\n<p>Tarc\u00edsio participava pela manh\u00e3 da inaugura\u00e7\u00e3o do primeiro Polo Universit\u00e1rio de Parais\u00f3polis uma parceria entre o Centro Universit\u00e1rio \u00cdtalo-Brasileiro e a Casa Belezinha Brasil, quando o tiroteio come\u00e7ou. De acordo com o candidato, quando ele estava no terceiro andar do pr\u00e9dio, ouviu uma rajada de tiros. Minutos mais tarde, segundo ele, foram ouvidos novos tiros.<\/p>\n<p>\u201cA gente come\u00e7ou a ouvir mais tiros e gritaria. O pessoal come\u00e7ou a gritar: olha abaixa, abaixa, v\u00e3o atirar aqui. At\u00e9 o momento em que uma pessoa entra e diz o seguinte: tem que tirar ele daqui que o problema \u00e9 ele\u201d. Todos os membros da equipe do candidato foram retirados em seguran\u00e7a.<\/p>\n<p>Os tiros partiram, de acordo com Tarc\u00edsio, de jovens que estavam em quatro motocicletas. \u201cQuatro motocicletas, com duas pessoas em cima cada, fazendo filmagem da nossa equipe de seguran\u00e7a. Fotografaram, filmaram, fizeram perguntas e depois voltaram armados\u201d, disse.<\/p>\n<p>O candidato disse ainda que a pol\u00edcia conseguiu repelir rapidamente a amea\u00e7a e estabelecer um per\u00edmetro seguro, o que permitiu a sa\u00edda da sua equipe em seguran\u00e7a. \u201cN\u00e3o foi um atentando contra a minha vida. N\u00e3o tinha cunho pol\u00edtico-partid\u00e1rio. Foi um ataque, uma intimida\u00e7\u00e3o\u201d, acrescentou.<\/p>\n<p>O l\u00edder comunit\u00e1rio de Parais\u00f3polis Gilson Rodrigues disse, em suas redes sociais, que nenhum representante do G10 Favelas ou da Uni\u00e3o dos Moradores e do Com\u00e9rcio de Parais\u00f3polis (UMCP) &#8211; entidade que representa a comunidade &#8211; tinha conhecimento da agenda de Tarc\u00edsio no local.<\/p>\n<p>\u201cParais\u00f3polis possui uma popula\u00e7\u00e3o trabalhadora e honesta que precisa de investimentos para transformar sua realidade. A comunidade quer participar da pol\u00edtica e fazer com que os representantes do poder p\u00fablico possam ajudar a transformar as vidas de todos os que aqui residem, com respeito \u00e0s diferentes vis\u00f5es partid\u00e1rias e estando abertos ao debate nas mais amplas esferas\u201d.<\/p>\n<\/div>\n<p class=\"alt-font font-italic my-2 small text-info\">\n<span style=\"font-weight: 400;\">Fonte: Ag\u00eancia Brasil <\/span><\/p>\n","protected":false},"excerpt":{"rendered":"<p>Em entrevista coletiva na tarde de hoje (17), o candidato do Republicanos ao governo do estado de S\u00e3o Paulo, Tarc\u00edsio de Freitas, descartou que o tiroteio ocorrido pr\u00f3ximo ao local de sua visita a um programa social em Parais\u00f3polis, na manh\u00e3 desta segunda-feira, na capital paulista, tenha sido um atentado pol\u00edtico-partid\u00e1rio. Em sua avalia\u00e7\u00e3o, o [&hellip;]<\/p>\n","protected":false},"author":246,"featured_media":205515,"comment_status":"closed","ping_status":"closed","sticky":false,"template":"","format":"standard","meta":{"footnotes":""},"categories":[436,440,254,439],"tags":[],"class_list":["post-205514","post","type-post","status-publish","format-standard","has-post-thumbnail","hentry","category-destaque-da-semana","category-destaques-do-dia","category-politica","category-ultima-hora"],"_links":{"self":[{"href":"https:\/\/diarioregionaldigital.com.br\/index.php?rest_route=\/wp\/v2\/posts\/205514","targetHints":{"allow":["GET"]}}],"collection":[{"href":"https:\/\/diarioregionaldigital.com.br\/index.php?rest_route=\/wp\/v2\/posts"}],"about":[{"href":"https:\/\/diarioregionaldigital.com.br\/index.php?rest_route=\/wp\/v2\/types\/post"}],"author":[{"embeddable":true,"href":"https:\/\/diarioregionaldigital.com.br\/index.php?rest_route=\/wp\/v2\/users\/246"}],"replies":[{"embeddable":true,"href":"https:\/\/diarioregionaldigital.com.br\/index.php?rest_route=%2Fwp%2Fv2%2Fcomments&post=205514"}],"version-history":[{"count":1,"href":"https:\/\/diarioregionaldigital.com.br\/index.php?rest_route=\/wp\/v2\/posts\/205514\/revisions"}],"predecessor-version":[{"id":205516,"href":"https:\/\/diarioregionaldigital.com.br\/index.php?rest_route=\/wp\/v2\/posts\/205514\/revisions\/205516"}],"wp:featuredmedia":[{"embeddable":true,"href":"https:\/\/diarioregionaldigital.com.br\/index.php?rest_route=\/wp\/v2\/media\/205515"}],"wp:attachment":[{"href":"https:\/\/diarioregionaldigital.com.br\/index.php?rest_route=%2Fwp%2Fv2%2Fmedia&parent=205514"}],"wp:term":[{"taxonomy":"category","embeddable":true,"href":"https:\/\/diarioregionaldigital.com.br\/index.php?rest_route=%2Fwp%2Fv2%2Fcategories&post=205514"},{"taxonomy":"post_tag","embeddable":true,"href":"https:\/\/diarioregionaldigital.com.br\/index.php?rest_route=%2Fwp%2Fv2%2Ftags&post=205514"}],"curies":[{"name":"wp","href":"https:\/\/api.w.org\/{rel}","templated":true}]}}