{"id":205504,"date":"2022-10-17T20:40:17","date_gmt":"2022-10-17T23:40:17","guid":{"rendered":"https:\/\/diarioregionaldigital.com.br\/?p=205504"},"modified":"2022-10-17T20:40:17","modified_gmt":"2022-10-17T23:40:17","slug":"atividade-economica-tem-queda-de-113-em-agosto-diz-banco-central","status":"publish","type":"post","link":"https:\/\/diarioregionaldigital.com.br\/?p=205504","title":{"rendered":"Atividade econ\u00f4mica tem queda de 1,13% em agosto, diz Banco Central"},"content":{"rendered":"<p>A atividade econ\u00f4mica brasileira registrou queda em agosto deste ano, de acordo com dados divulgados hoje (17) pelo Banco Central (BC). O \u00cdndice de Atividade Econ\u00f4mica do Banco Central (IBC-Br) apresentou redu\u00e7\u00e3o de 1,13% em agosto de 2022 em rela\u00e7\u00e3o ao m\u00eas anterior, de acordo com os dados dessazonalizados (ajustados para o per\u00edodo).<img decoding=\"async\" src=\"https:\/\/agenciabrasil.ebc.com.br\/ebc.png?id=1488284&amp;o=node\" \/><img decoding=\"async\" src=\"https:\/\/agenciabrasil.ebc.com.br\/ebc.gif?id=1488284&amp;o=node\" \/><\/p>\n<p>Desde o ano passado, os resultados do IBC-Br v\u00eam oscilando. Em abril e maio teve queda, em junho e julho apresentou alta e, agora, mais uma redu\u00e7\u00e3o.<\/p>\n<p>Em agosto, o IBC-Br atingiu 143,97 pontos. Na compara\u00e7\u00e3o com agosto de 2021, houve crescimento de 4,86% (sem ajuste para o per\u00edodo, j\u00e1 que a compara\u00e7\u00e3o \u00e9 entre meses iguais). No acumulado em 12 meses, o indicador tamb\u00e9m ficou positivo, em 2,08%.<\/p>\n<p>O \u00edndice \u00e9 uma forma de avaliar a evolu\u00e7\u00e3o da atividade econ\u00f4mica brasileira e ajuda o BC a tomar decis\u00f5es sobre a taxa b\u00e1sica de juros, a Selic, definida atualmente em 13,75% ao ano. O \u00edndice incorpora informa\u00e7\u00f5es sobre o n\u00edvel de atividade dos tr\u00eas setores da economia \u2013 a ind\u00fastria, o com\u00e9rcio e os servi\u00e7os e agropecu\u00e1ria \u2013, al\u00e9m do volume de impostos.<\/p>\n<p>O indicador foi criado pelo Banco Central para tentar antecipar a evolu\u00e7\u00e3o da atividade econ\u00f4mica. Entretanto, o indicador oficial \u00e9 o Produto Interno Bruto (PIB, soma dos bens e servi\u00e7os produzidos no pa\u00eds), calculado pelo Instituto Brasileiro de Geografia e Estat\u00edstica (IBGE).<\/p>\n<p>Em 2021, o PIB do Brasil cresceu 4,6%, totalizando R$ 8,7 trilh\u00f5es. No primeiro semestre de 2022, o\u00a0<a href=\"https:\/\/agenciabrasil.ebc.com.br\/economia\/noticia\/2022-09\/economia-cresce-12-no-segundo-trimestre-do-ano-afirma-o-ibge\" target=\"_blank\" rel=\"noopener\">indicador j\u00e1 avan\u00e7ou 2,5%<\/a>\u00a0e a atividade econ\u00f4mica do pa\u00eds ficou 3%, acima do patamar pr\u00e9-pandemia, verificado no quarto trimestre de 2019.<\/p>\n<p><span style=\"font-weight: 400;\">Fonte: Ag\u00eancia Brasil <\/span><\/p>\n","protected":false},"excerpt":{"rendered":"<p>A atividade econ\u00f4mica brasileira registrou queda em agosto deste ano, de acordo com dados divulgados hoje (17) pelo Banco Central (BC). O \u00cdndice de Atividade Econ\u00f4mica do Banco Central (IBC-Br) apresentou redu\u00e7\u00e3o de 1,13% em agosto de 2022 em rela\u00e7\u00e3o ao m\u00eas anterior, de acordo com os dados dessazonalizados (ajustados para o per\u00edodo). Desde o [&hellip;]<\/p>\n","protected":false},"author":246,"featured_media":205505,"comment_status":"closed","ping_status":"closed","sticky":false,"template":"","format":"standard","meta":{"footnotes":""},"categories":[436,261,439],"tags":[],"class_list":["post-205504","post","type-post","status-publish","format-standard","has-post-thumbnail","hentry","category-destaque-da-semana","category-economia","category-ultima-hora"],"_links":{"self":[{"href":"https:\/\/diarioregionaldigital.com.br\/index.php?rest_route=\/wp\/v2\/posts\/205504","targetHints":{"allow":["GET"]}}],"collection":[{"href":"https:\/\/diarioregionaldigital.com.br\/index.php?rest_route=\/wp\/v2\/posts"}],"about":[{"href":"https:\/\/diarioregionaldigital.com.br\/index.php?rest_route=\/wp\/v2\/types\/post"}],"author":[{"embeddable":true,"href":"https:\/\/diarioregionaldigital.com.br\/index.php?rest_route=\/wp\/v2\/users\/246"}],"replies":[{"embeddable":true,"href":"https:\/\/diarioregionaldigital.com.br\/index.php?rest_route=%2Fwp%2Fv2%2Fcomments&post=205504"}],"version-history":[{"count":1,"href":"https:\/\/diarioregionaldigital.com.br\/index.php?rest_route=\/wp\/v2\/posts\/205504\/revisions"}],"predecessor-version":[{"id":205506,"href":"https:\/\/diarioregionaldigital.com.br\/index.php?rest_route=\/wp\/v2\/posts\/205504\/revisions\/205506"}],"wp:featuredmedia":[{"embeddable":true,"href":"https:\/\/diarioregionaldigital.com.br\/index.php?rest_route=\/wp\/v2\/media\/205505"}],"wp:attachment":[{"href":"https:\/\/diarioregionaldigital.com.br\/index.php?rest_route=%2Fwp%2Fv2%2Fmedia&parent=205504"}],"wp:term":[{"taxonomy":"category","embeddable":true,"href":"https:\/\/diarioregionaldigital.com.br\/index.php?rest_route=%2Fwp%2Fv2%2Fcategories&post=205504"},{"taxonomy":"post_tag","embeddable":true,"href":"https:\/\/diarioregionaldigital.com.br\/index.php?rest_route=%2Fwp%2Fv2%2Ftags&post=205504"}],"curies":[{"name":"wp","href":"https:\/\/api.w.org\/{rel}","templated":true}]}}