{"id":205494,"date":"2022-10-14T21:21:54","date_gmt":"2022-10-15T00:21:54","guid":{"rendered":"https:\/\/diarioregionaldigital.com.br\/?p=205494"},"modified":"2022-10-14T21:21:54","modified_gmt":"2022-10-15T00:21:54","slug":"creche-maria-nazareth-cria-projeto-que-ajuda-no-aprendizado-e-desenvolvimento-de-bebes-e-criancas","status":"publish","type":"post","link":"https:\/\/diarioregionaldigital.com.br\/?p=205494","title":{"rendered":"Creche Maria Nazareth cria projeto que ajuda no aprendizado e desenvolvimento de beb\u00eas e crian\u00e7as"},"content":{"rendered":"<p>Segundo informa\u00e7\u00f5es do site da Prefeitura de Juiz de Fora (PJF), a\u00a0Creche Comunit\u00e1ria Maria Nazareth Nogueira est\u00e1 desenvolvendo o projeto \u201cCriar, recriar e ressignificar nossa creche\u201d, que tem como objetivo tornar os espa\u00e7os ociosos da institui\u00e7\u00e3o em espa\u00e7os geradores de curiosidade, aprendizado e desenvolvimento para os beb\u00eas e as crian\u00e7as, criando, recriando e ressignificando-os de forma l\u00fadica.<\/p>\n<p>Os espa\u00e7os s\u00e3o criados por profissionais da creche para os beb\u00eas e crian\u00e7as respeitando suas especificidades, trazendo desafios cognitivos e motores que proporcionam avan\u00e7os no desenvolvimento de suas potencialidades, al\u00e9m de valorizar o brincar, o cuidar e o educar.<\/p>\n<p>J\u00e1 foram constru\u00eddas uma rampa de ciclismo e uma pista de tr\u00e2nsito, oportunizando diferentes brincadeiras, entre elas: corrida de velotrol, passeio com bonecas e carros pequenos. Tamb\u00e9m foi constru\u00eddo um caminho e um painel sensorial para dar a oportunidade aos beb\u00eas e crian\u00e7as desenvolverem a sensibilidade t\u00e1til com as m\u00e3os e os p\u00e9s.<\/p>\n<p>Outra a\u00e7\u00e3o importante foi a constru\u00e7\u00e3o de um po\u00e7o utilizando pneus velhos, denominado de\u00a0 \u201cPo\u00e7o de Morangos&#8221;, porque as crian\u00e7as plantaram mudas de morango em seu interior, favorecendo aprendizagens diversas: plantio e cultivo da fruta, observa\u00e7\u00e3o do crescimento das mudas, seu aspecto, forma, cores, aromas e sabores, entre outras.<\/p>\n<p>O projeto surgiu no m\u00eas de mar\u00e7o a partir do di\u00e1logo entre a coordenadora Jaciara Cristina Machado Dos Reis, a t\u00e9cnica da secretaria de Educa\u00e7\u00e3o Nayla Ribeiro do Carmo e toda equipe da creche. \u201cContinuaremos com o projeto at\u00e9 o final do ano no intuito de aperfei\u00e7oar e valorizar a pr\u00e1tica pedag\u00f3gica e o aprendizado dos beb\u00eas e crian\u00e7as, pautado na ludicidade\u201d, explica a coordenadora.<\/p>\n","protected":false},"excerpt":{"rendered":"<p>Segundo informa\u00e7\u00f5es do site da Prefeitura de Juiz de Fora (PJF), a\u00a0Creche Comunit\u00e1ria Maria Nazareth Nogueira est\u00e1 desenvolvendo o projeto \u201cCriar, recriar e ressignificar nossa creche\u201d, que tem como objetivo tornar os espa\u00e7os ociosos da institui\u00e7\u00e3o em espa\u00e7os geradores de curiosidade, aprendizado e desenvolvimento para os beb\u00eas e as crian\u00e7as, criando, recriando e ressignificando-os de [&hellip;]<\/p>\n","protected":false},"author":246,"featured_media":205495,"comment_status":"closed","ping_status":"closed","sticky":false,"template":"","format":"standard","meta":{"footnotes":""},"categories":[253,436,439],"tags":[],"class_list":["post-205494","post","type-post","status-publish","format-standard","has-post-thumbnail","hentry","category-cidade","category-destaque-da-semana","category-ultima-hora"],"_links":{"self":[{"href":"https:\/\/diarioregionaldigital.com.br\/index.php?rest_route=\/wp\/v2\/posts\/205494","targetHints":{"allow":["GET"]}}],"collection":[{"href":"https:\/\/diarioregionaldigital.com.br\/index.php?rest_route=\/wp\/v2\/posts"}],"about":[{"href":"https:\/\/diarioregionaldigital.com.br\/index.php?rest_route=\/wp\/v2\/types\/post"}],"author":[{"embeddable":true,"href":"https:\/\/diarioregionaldigital.com.br\/index.php?rest_route=\/wp\/v2\/users\/246"}],"replies":[{"embeddable":true,"href":"https:\/\/diarioregionaldigital.com.br\/index.php?rest_route=%2Fwp%2Fv2%2Fcomments&post=205494"}],"version-history":[{"count":1,"href":"https:\/\/diarioregionaldigital.com.br\/index.php?rest_route=\/wp\/v2\/posts\/205494\/revisions"}],"predecessor-version":[{"id":205496,"href":"https:\/\/diarioregionaldigital.com.br\/index.php?rest_route=\/wp\/v2\/posts\/205494\/revisions\/205496"}],"wp:featuredmedia":[{"embeddable":true,"href":"https:\/\/diarioregionaldigital.com.br\/index.php?rest_route=\/wp\/v2\/media\/205495"}],"wp:attachment":[{"href":"https:\/\/diarioregionaldigital.com.br\/index.php?rest_route=%2Fwp%2Fv2%2Fmedia&parent=205494"}],"wp:term":[{"taxonomy":"category","embeddable":true,"href":"https:\/\/diarioregionaldigital.com.br\/index.php?rest_route=%2Fwp%2Fv2%2Fcategories&post=205494"},{"taxonomy":"post_tag","embeddable":true,"href":"https:\/\/diarioregionaldigital.com.br\/index.php?rest_route=%2Fwp%2Fv2%2Ftags&post=205494"}],"curies":[{"name":"wp","href":"https:\/\/api.w.org\/{rel}","templated":true}]}}