{"id":205488,"date":"2022-10-14T21:18:05","date_gmt":"2022-10-15T00:18:05","guid":{"rendered":"https:\/\/diarioregionaldigital.com.br\/?p=205488"},"modified":"2022-10-14T21:18:05","modified_gmt":"2022-10-15T00:18:05","slug":"operacao-tapa-buraco-da-pjf-finaliza-primeira-quinzena-de-outubro-com-cerca-de-70-vias-atendidas","status":"publish","type":"post","link":"https:\/\/diarioregionaldigital.com.br\/?p=205488","title":{"rendered":"Opera\u00e7\u00e3o tapa-buraco da PJF finaliza primeira quinzena de outubro com cerca de 70 vias atendidas"},"content":{"rendered":"<p>Segundo informa\u00e7\u00f5es do site da Prefeitura de Juiz de Fora (PJF), outubro come\u00e7ou com tudo para a opera\u00e7\u00e3o tapa-buraco. Na primeira quinzena do m\u00eas, as equipes da Prefeitura de Juiz de Fora (PJF) realizaram 1767 recomposi\u00e7\u00f5es asf\u00e1lticas em 33 bairros da cidade. Ao todo, foram utilizados mais de 680 toneladas de CBUQ (massa asf\u00e1ltica).<\/p>\n<p>Destaque para a Avenida JK, onde a opera\u00e7\u00e3o foi intensificada, j\u00e1 que se trata de uma das principais vias de acesso \u00e0 entrada e sa\u00edda da cidade, e tamb\u00e9m \u00e0 bairros da cidade.<\/p>\n<p><strong>Veja abaixo a lista completa dos bairros atendidos na primeira quinzena de outubro:<\/strong><br \/>\nSanta Helena<\/p>\n<p>Centro<\/p>\n<p>Jardim Gl\u00f3ria<\/p>\n<p>Estrela Sul<\/p>\n<p>Vitorino Braga<\/p>\n<p>Alto Bairu<\/p>\n<p>Barbosa Lage<\/p>\n<p>Grama<\/p>\n<p>Santa Efig\u00eania<\/p>\n<p>Santa Luzia<\/p>\n<p>S\u00e3o Mateus<\/p>\n<p>Po\u00e7o Rico<\/p>\n<p>Aeroporto<\/p>\n<p>S\u00e3o Pedro<\/p>\n<p>Bom Jardim<\/p>\n<p>Benfica<\/p>\n<p>S\u00e3o Geraldo<\/p>\n<p>Cascatinha<\/p>\n<p>Teixeiras<\/p>\n<p>Eldorado<\/p>\n<p>Jardim das Algibeiras<\/p>\n<p>Santa Cec\u00edlia<\/p>\n<p>Tr\u00eas Moinhos<\/p>\n<p>Bonfim<\/p>\n<p>Vale Verde<\/p>\n<p>Mundo Novo<\/p>\n<p>Jardim Casablanca<\/p>\n<p>Maril\u00e2ndia<\/p>\n<p>Santa Tereza<\/p>\n<p>Parque Independ\u00eancia<\/p>\n<p>Alto dos Passos<\/p>\n<p>Santa Terezinha<\/p>\n<p>Vila Ideal<\/p>\n<p><strong>Pavimenta\u00e7\u00e3o asf\u00e1ltica<\/strong><\/p>\n<p>Al\u00e9m dos servi\u00e7os de tapa-buraco, as equipes da Empresa Municipal de Pavimenta\u00e7\u00e3o e Urbanidades (Empav) tamb\u00e9m estiveram em duas ruas da zona norte: a Kalil Abra\u00e3o Hallack e a Cust\u00f3dio Rezende de Bastos, nos bairros Santa Clara e Jardim dos Alfineiros, respectivamente, com os servi\u00e7os de pavimenta\u00e7\u00e3o asf\u00e1ltica. No momento, a pavimenta\u00e7\u00e3o segue na Av. Pedro Afonso Pinheiro, no bairro Santa Efig\u00eania.<\/p>\n<p>Os trabalhos seguem em andamento em v\u00e1rios pontos da cidade e a programa\u00e7\u00e3o completa das atividades realizadas pela Empav pode ser acompanhada diariamente atrav\u00e9s da p\u00e1gina do Gabinete de A\u00e7\u00e3o e Di\u00e1logo Comunit\u00e1rio, pelo<a href=\"https:\/\/www.pjf.mg.gov.br\/gabinetecomunitario\/#onde\">\u00a0<strong>link<\/strong><\/a><strong>.<\/strong><\/p>\n<p>Todas as a\u00e7\u00f5es de reestrutura\u00e7\u00e3o, urbaniza\u00e7\u00e3o e zeladoria realizadas pela Empresa Municipal de Pavimenta\u00e7\u00e3o e Urbanidades (Empav) fazem parte do Programa Boniteza. Estes e outros servi\u00e7os podem ser solicitados atrav\u00e9s do Gabinete de A\u00e7\u00e3o e Di\u00e1logo Comunit\u00e1rio, que recebe e organiza pedidos relativos a interven\u00e7\u00f5es e melhorias urbanas. O contato pode ser feito por liga\u00e7\u00e3o telef\u00f4nica, pelo n\u00famero (32) 3690-7241 ou, ainda, via WhatsApp, utilizando o mesmo n\u00famero.<\/p>\n","protected":false},"excerpt":{"rendered":"<p>Segundo informa\u00e7\u00f5es do site da Prefeitura de Juiz de Fora (PJF), outubro come\u00e7ou com tudo para a opera\u00e7\u00e3o tapa-buraco. Na primeira quinzena do m\u00eas, as equipes da Prefeitura de Juiz de Fora (PJF) realizaram 1767 recomposi\u00e7\u00f5es asf\u00e1lticas em 33 bairros da cidade. Ao todo, foram utilizados mais de 680 toneladas de CBUQ (massa asf\u00e1ltica). Destaque [&hellip;]<\/p>\n","protected":false},"author":246,"featured_media":205489,"comment_status":"closed","ping_status":"closed","sticky":false,"template":"","format":"standard","meta":{"footnotes":""},"categories":[253,436,439],"tags":[],"class_list":["post-205488","post","type-post","status-publish","format-standard","has-post-thumbnail","hentry","category-cidade","category-destaque-da-semana","category-ultima-hora"],"_links":{"self":[{"href":"https:\/\/diarioregionaldigital.com.br\/index.php?rest_route=\/wp\/v2\/posts\/205488","targetHints":{"allow":["GET"]}}],"collection":[{"href":"https:\/\/diarioregionaldigital.com.br\/index.php?rest_route=\/wp\/v2\/posts"}],"about":[{"href":"https:\/\/diarioregionaldigital.com.br\/index.php?rest_route=\/wp\/v2\/types\/post"}],"author":[{"embeddable":true,"href":"https:\/\/diarioregionaldigital.com.br\/index.php?rest_route=\/wp\/v2\/users\/246"}],"replies":[{"embeddable":true,"href":"https:\/\/diarioregionaldigital.com.br\/index.php?rest_route=%2Fwp%2Fv2%2Fcomments&post=205488"}],"version-history":[{"count":1,"href":"https:\/\/diarioregionaldigital.com.br\/index.php?rest_route=\/wp\/v2\/posts\/205488\/revisions"}],"predecessor-version":[{"id":205490,"href":"https:\/\/diarioregionaldigital.com.br\/index.php?rest_route=\/wp\/v2\/posts\/205488\/revisions\/205490"}],"wp:featuredmedia":[{"embeddable":true,"href":"https:\/\/diarioregionaldigital.com.br\/index.php?rest_route=\/wp\/v2\/media\/205489"}],"wp:attachment":[{"href":"https:\/\/diarioregionaldigital.com.br\/index.php?rest_route=%2Fwp%2Fv2%2Fmedia&parent=205488"}],"wp:term":[{"taxonomy":"category","embeddable":true,"href":"https:\/\/diarioregionaldigital.com.br\/index.php?rest_route=%2Fwp%2Fv2%2Fcategories&post=205488"},{"taxonomy":"post_tag","embeddable":true,"href":"https:\/\/diarioregionaldigital.com.br\/index.php?rest_route=%2Fwp%2Fv2%2Ftags&post=205488"}],"curies":[{"name":"wp","href":"https:\/\/api.w.org\/{rel}","templated":true}]}}