{"id":205485,"date":"2022-10-14T21:15:10","date_gmt":"2022-10-15T00:15:10","guid":{"rendered":"https:\/\/diarioregionaldigital.com.br\/?p=205485"},"modified":"2022-10-14T21:15:10","modified_gmt":"2022-10-15T00:15:10","slug":"emcasa-reinicia-processo-de-regularizacao-fundiaria-no-bairro-jardim-natal","status":"publish","type":"post","link":"https:\/\/diarioregionaldigital.com.br\/?p=205485","title":{"rendered":"Emcasa reinicia processo de regulariza\u00e7\u00e3o fundi\u00e1ria no bairro Jardim Natal"},"content":{"rendered":"<p>Segundo informa\u00e7\u00f5es do site da Prefeitura de Juiz de Fora (PJF), a\u00a0Companhia Municipal de Habita\u00e7\u00e3o e Inclus\u00e3o Produtiva (EmCasa), em parceria com a Secretaria de Governo (SG) da Prefeitura de Juiz de Fora (PJF), reiniciou o processo de regulariza\u00e7\u00e3o fundi\u00e1ria na Vila Bejani, localizada no bairro Jardim Natal.<\/p>\n<p>Na noite desta quinta-feira, 13, al\u00e9m dos representantes da Emcasa, estiveram presentes a Subsecret\u00e1ria de Prote\u00e7\u00e3o e Defesa Civil (SSPDC), o Gabinete de A\u00e7\u00e3o e Di\u00e1logo Comunit\u00e1rio da Secretaria de Governo (SG), a Secretaria Especial de Direitos Humanos (SEDH) e da Secretaria de Planejamento Urbano (Sepur) que se reuniram com os moradores para falar das a\u00e7\u00f5es de regulariza\u00e7\u00e3o da Villa Bejani. S\u00e3o 64 lotes ao todo, 20 em situa\u00e7\u00e3o est\u00e1vel e 44 deles est\u00e3o em \u00e1rea de risco.<\/p>\n<p>O processo de regulariza\u00e7\u00e3o fundi\u00e1ria \u00e9 retomado juntamente com as a\u00e7\u00f5es do Escrit\u00f3rio P\u00fablico, iniciadas em julho deste ano. Estas a\u00e7\u00f5es tem por objetivo melhorar a qualidade da edifica\u00e7\u00e3o e garantir a seguran\u00e7a fundi\u00e1ria da propriedade \u00e0s fam\u00edlias. \u201c\u00c9 uma a\u00e7\u00e3o hist\u00f3rica para a \u00e1rea e estamos certos que ser\u00e1 um grande ganho para as fam\u00edlias\u201d, afirma o Diretor Presidente da Emcasa, Diogo Fernandes<\/p>\n<p>A regulariza\u00e7\u00e3o fundi\u00e1ria deve acontecer em dois momentos, o primeiro atuando somente nas \u00e1reas sem risco, abrangendo aproximadamente 20 im\u00f3veis. O segundo momento ser\u00e1 desenvolvido junto a Defesa Civil, com a continuidade do estudos das \u00e1reas de risco, direcionando para as pastas competentes poss\u00edveis demandas de estabiliza\u00e7\u00e3o para futura regulariza\u00e7\u00e3o da \u00e1rea.<\/p>\n<p>Para a secret\u00e1ria de Governo, Cidinha Louzada, as casas que est\u00e3o em \u00e1reas de risco ser\u00e3o estudadas para serem regularizadas. \u201cExistem locais que s\u00e3o de extremo risco para as fam\u00edlias e por isso, precisamos analisar qual a melhor forma de habita\u00e7\u00e3o para esses casos. \u00c9 garantia da Secretaria de Governo que esse projeto de regulariza\u00e7\u00e3o preveja a remodela\u00e7\u00e3o do saneamento das redes de esgoto e drenagem, ilumina\u00e7\u00e3o, melhorias nas pra\u00e7as dentre outras a\u00e7\u00f5es\u201d, afirma.<\/p>\n<p>Na noite desta sexta-feira, 14, a equipe da PJF se reunir\u00e1 com a comunidade da Vila Almeida para tratar da regulariza\u00e7\u00e3o que tamb\u00e9m ser\u00e1 iniciada no local.<\/p>\n","protected":false},"excerpt":{"rendered":"<p>Segundo informa\u00e7\u00f5es do site da Prefeitura de Juiz de Fora (PJF), a\u00a0Companhia Municipal de Habita\u00e7\u00e3o e Inclus\u00e3o Produtiva (EmCasa), em parceria com a Secretaria de Governo (SG) da Prefeitura de Juiz de Fora (PJF), reiniciou o processo de regulariza\u00e7\u00e3o fundi\u00e1ria na Vila Bejani, localizada no bairro Jardim Natal. Na noite desta quinta-feira, 13, al\u00e9m dos [&hellip;]<\/p>\n","protected":false},"author":246,"featured_media":205486,"comment_status":"closed","ping_status":"closed","sticky":false,"template":"","format":"standard","meta":{"footnotes":""},"categories":[253,436,440,439],"tags":[],"class_list":["post-205485","post","type-post","status-publish","format-standard","has-post-thumbnail","hentry","category-cidade","category-destaque-da-semana","category-destaques-do-dia","category-ultima-hora"],"_links":{"self":[{"href":"https:\/\/diarioregionaldigital.com.br\/index.php?rest_route=\/wp\/v2\/posts\/205485","targetHints":{"allow":["GET"]}}],"collection":[{"href":"https:\/\/diarioregionaldigital.com.br\/index.php?rest_route=\/wp\/v2\/posts"}],"about":[{"href":"https:\/\/diarioregionaldigital.com.br\/index.php?rest_route=\/wp\/v2\/types\/post"}],"author":[{"embeddable":true,"href":"https:\/\/diarioregionaldigital.com.br\/index.php?rest_route=\/wp\/v2\/users\/246"}],"replies":[{"embeddable":true,"href":"https:\/\/diarioregionaldigital.com.br\/index.php?rest_route=%2Fwp%2Fv2%2Fcomments&post=205485"}],"version-history":[{"count":1,"href":"https:\/\/diarioregionaldigital.com.br\/index.php?rest_route=\/wp\/v2\/posts\/205485\/revisions"}],"predecessor-version":[{"id":205487,"href":"https:\/\/diarioregionaldigital.com.br\/index.php?rest_route=\/wp\/v2\/posts\/205485\/revisions\/205487"}],"wp:featuredmedia":[{"embeddable":true,"href":"https:\/\/diarioregionaldigital.com.br\/index.php?rest_route=\/wp\/v2\/media\/205486"}],"wp:attachment":[{"href":"https:\/\/diarioregionaldigital.com.br\/index.php?rest_route=%2Fwp%2Fv2%2Fmedia&parent=205485"}],"wp:term":[{"taxonomy":"category","embeddable":true,"href":"https:\/\/diarioregionaldigital.com.br\/index.php?rest_route=%2Fwp%2Fv2%2Fcategories&post=205485"},{"taxonomy":"post_tag","embeddable":true,"href":"https:\/\/diarioregionaldigital.com.br\/index.php?rest_route=%2Fwp%2Fv2%2Ftags&post=205485"}],"curies":[{"name":"wp","href":"https:\/\/api.w.org\/{rel}","templated":true}]}}