{"id":205482,"date":"2022-10-14T21:11:34","date_gmt":"2022-10-15T00:11:34","guid":{"rendered":"https:\/\/diarioregionaldigital.com.br\/?p=205482"},"modified":"2022-10-14T21:11:34","modified_gmt":"2022-10-15T00:11:34","slug":"mayra-aguiar-e-tricampea-mundial","status":"publish","type":"post","link":"https:\/\/diarioregionaldigital.com.br\/?p=205482","title":{"rendered":"Mayra Aguiar \u00e9 tricampe\u00e3 mundial"},"content":{"rendered":"<p>O jud\u00f4 brasileiro teve mais um dia dourado em Tashkent, no Mundial disputado no Uzbequist\u00e3o. Ap\u00f3s uma campanha espetacular, Mayra Aguiar (78kg) derrotou a chinesa Zhenzhao Ma na grande final da categoria meio-pesado e garantiu o hist\u00f3rico t\u00edtulo de tricampe\u00e3 mundial. Feito in\u00e9dito entre homens e mulheres do Brasil.<\/p>\n<p>O resultado se junta ao ouro de Rafaela Silva (57kg) e ao bronze de Daniel Cargnin (73kg), conquistados no s\u00e1bado (08), e coloca o Brasil na segunda posi\u00e7\u00e3o do quadro geral de medalhas. Os tr\u00eas medalhistas s\u00e3o contemplados com a Bolsa Atleta, sendo que Mayra e Daniel est\u00e3o na categoria p\u00f3dio, a mais alta do programa, enquanto Rafaela integra a nacional.<\/p>\n<p>Mayra garantiu sua s\u00e9tima medalha em Mundiais. A ga\u00facha tamb\u00e9m foi campe\u00e3 mundial em Cheliabinsk, na R\u00fassia, em 2014, e em Budapeste, na Hungria, em 2017. Ela tem ainda uma prata em T\u00f3quio 2010 e tr\u00eas bronzes em Paris 2011, Rio de Janeiro 2013 e T\u00f3quio 2019. No curr\u00edculo, a judoca coleciona ainda tr\u00eas bronzes ol\u00edmpicos nos Jogos Londres 2012, Rio 2016 e T\u00f3quio 2020.<\/p>\n<p><b>Campanha<\/b><\/p>\n<p>Atual n\u00famero 6 do mundo, Mayra chegou ao Mundial determinada e fez uma estreia segura, com vit\u00f3ria nas puni\u00e7\u00f5es sobre a croata Petrunjela Pavic.<\/p>\n<p>Na segunda rodada, ela se soltou um pouco mais e projetou a cazaque Aruna Jangeldina por ippon. Os combates iniciais pareciam ser um aquecimento para o grande desafio com a japonesa Hamada Shori, nas quartas de final.<\/p>\n<p>E, ap\u00f3s uma vit\u00f3ria memor\u00e1vel sobre a atual campe\u00e3 ol\u00edmpica, a brasileira foi com confian\u00e7a \u00e0 semifinal da categoria meio-pesado e bateu a alem\u00e3 Alina Boehm, atual campe\u00e3 europeia, para buscar seu terceiro t\u00edtulo mundial.<\/p>\n<p>A chinesa Ma, por outro lado, chegou \u00e0 decis\u00e3o batendo Emma Reid (GBR), Yoon (KOR), Beata Pacut-Kloczko (POL) e Yelyzaveta Lytvynenko (UKR).<\/p>\n<p>Na decis\u00e3o, Mayra conseguiu um wazari sobre Ma ainda no come\u00e7o da luta. Seguiu no combate, administrou a vantagem e as puni\u00e7\u00f5es at\u00e9 o cron\u00f4metro zerar.<\/p>\n<p><b>Bolsa Atleta<\/b><\/p>\n<p>O edital de 2022 do Bolsa Atleta passa a contar com 6.773 contemplados (incluindo todas as categorias, inclusive a P\u00f3dio), a partir de um investimento anual de R$ 120,2 milh\u00f5es.<\/p>\n<p>Nesse total, s\u00e3o 4.970 atletas ol\u00edmpicos e 1.803 paral\u00edmpicos. Na divis\u00e3o por g\u00eanero, h\u00e1 3.775 homens e 2.998 mulheres. S\u00e3o 292 integrantes da categoria Base, 241 na Estudantil, 4.792 na Nacional, 847 na Internacional, 244 na Ol\u00edmpica\/Paral\u00edmpica e 357 na P\u00f3dio.<\/p>\n<p>Os repasses mensais da Bolsa Atleta variam entre R$ 370 e R$ 3.100, de acordo com a categoria. \u00a0Na P\u00f3dio, a principal do programa, voltada a atletas posicionados entre os 20 melhores do ranking mundial de suas modalidades e com maior potencial de destaque em competi\u00e7\u00f5es internacionais, os valores v\u00e3o de R$ 5 mil a R$ 15 mil, de acordo com os resultados apresentados.<\/p>\n<p><b>Relev\u00e2ncia comprovada<\/b><\/p>\n<p>A abrang\u00eancia e relev\u00e2ncia do Bolsa Atleta pode ser medida pelos resultados nas principais competi\u00e7\u00f5es. Nos Jogos de T\u00f3quio, por exemplo, 80% dos integrantes da delega\u00e7\u00e3o ol\u00edmpica e 95% da paral\u00edmpica eram bolsistas.<\/p>\n<p>Nos Jogos Ol\u00edmpicos, o pa\u00eds conquistou 21 medalhas (sete ouros, seis pratas e oito bronzes), em 13 modalidades. O resultado significou a 12\u00aa coloca\u00e7\u00e3o no quadro de medalhas. Em 19 dos 21 p\u00f3dios (90,45%), os atletas recebiam a Bolsa Atleta. As exce\u00e7\u00f5es foram o futebol masculino, que n\u00e3o integra o programa, e a prata de Rayssa Machado, no skate.<\/p>\n<p>A \u201cFadinha\u201d s\u00f3 n\u00e3o fazia parte do programa porque ainda n\u00e3o tinha a idade m\u00ednima determinada pela legisla\u00e7\u00e3o: 14 anos. Ela passou a figurar na lista da Bolsa P\u00f3dio em fevereiro de 2022.<\/p>\n<p>Nas Paralimp\u00edadas, foram 72 medalhas (22 ouros, 20 pratas e 30 bronzes) conquistadas, o que rendeu a s\u00e9tima posi\u00e7\u00e3o no quadro de medalhas ao Brasil. Os bolsistas representaram 68 dos 72 p\u00f3dios conquistados: 94,4% do total.<\/p>\n<p><b>Fonte: Rededoesporte, com informa\u00e7\u00f5es do COB e CBJ<\/b><\/p>\n","protected":false},"excerpt":{"rendered":"<p>O jud\u00f4 brasileiro teve mais um dia dourado em Tashkent, no Mundial disputado no Uzbequist\u00e3o. Ap\u00f3s uma campanha espetacular, Mayra Aguiar (78kg) derrotou a chinesa Zhenzhao Ma na grande final da categoria meio-pesado e garantiu o hist\u00f3rico t\u00edtulo de tricampe\u00e3 mundial. Feito in\u00e9dito entre homens e mulheres do Brasil. O resultado se junta ao ouro [&hellip;]<\/p>\n","protected":false},"author":246,"featured_media":205483,"comment_status":"closed","ping_status":"closed","sticky":false,"template":"","format":"standard","meta":{"footnotes":""},"categories":[436,257,439],"tags":[],"class_list":["post-205482","post","type-post","status-publish","format-standard","has-post-thumbnail","hentry","category-destaque-da-semana","category-esporte","category-ultima-hora"],"_links":{"self":[{"href":"https:\/\/diarioregionaldigital.com.br\/index.php?rest_route=\/wp\/v2\/posts\/205482","targetHints":{"allow":["GET"]}}],"collection":[{"href":"https:\/\/diarioregionaldigital.com.br\/index.php?rest_route=\/wp\/v2\/posts"}],"about":[{"href":"https:\/\/diarioregionaldigital.com.br\/index.php?rest_route=\/wp\/v2\/types\/post"}],"author":[{"embeddable":true,"href":"https:\/\/diarioregionaldigital.com.br\/index.php?rest_route=\/wp\/v2\/users\/246"}],"replies":[{"embeddable":true,"href":"https:\/\/diarioregionaldigital.com.br\/index.php?rest_route=%2Fwp%2Fv2%2Fcomments&post=205482"}],"version-history":[{"count":1,"href":"https:\/\/diarioregionaldigital.com.br\/index.php?rest_route=\/wp\/v2\/posts\/205482\/revisions"}],"predecessor-version":[{"id":205484,"href":"https:\/\/diarioregionaldigital.com.br\/index.php?rest_route=\/wp\/v2\/posts\/205482\/revisions\/205484"}],"wp:featuredmedia":[{"embeddable":true,"href":"https:\/\/diarioregionaldigital.com.br\/index.php?rest_route=\/wp\/v2\/media\/205483"}],"wp:attachment":[{"href":"https:\/\/diarioregionaldigital.com.br\/index.php?rest_route=%2Fwp%2Fv2%2Fmedia&parent=205482"}],"wp:term":[{"taxonomy":"category","embeddable":true,"href":"https:\/\/diarioregionaldigital.com.br\/index.php?rest_route=%2Fwp%2Fv2%2Fcategories&post=205482"},{"taxonomy":"post_tag","embeddable":true,"href":"https:\/\/diarioregionaldigital.com.br\/index.php?rest_route=%2Fwp%2Fv2%2Ftags&post=205482"}],"curies":[{"name":"wp","href":"https:\/\/api.w.org\/{rel}","templated":true}]}}