{"id":205469,"date":"2022-10-14T21:00:55","date_gmt":"2022-10-15T00:00:55","guid":{"rendered":"https:\/\/diarioregionaldigital.com.br\/?p=205469"},"modified":"2022-10-14T21:01:27","modified_gmt":"2022-10-15T00:01:27","slug":"lula-quer-seguridade-social-para-trabalhadores-sem-carteira-assinada","status":"publish","type":"post","link":"https:\/\/diarioregionaldigital.com.br\/?p=205469","title":{"rendered":"Lula quer seguridade social para trabalhadores sem carteira assinada"},"content":{"rendered":"<p>O candidato do PT \u00e0 Presid\u00eancia da Rep\u00fablica, Luiz In\u00e1cio Lula da Silva, disse hoje (14) que \u00e9 preciso garantir os benef\u00edcios da seguridade social para todos os trabalhadores, mesmo os que n\u00e3o tem carteira assinada.<img decoding=\"async\" src=\"https:\/\/agenciabrasil.ebc.com.br\/ebc.png?id=1488029&amp;o=node\" \/><img decoding=\"async\" src=\"https:\/\/agenciabrasil.ebc.com.br\/ebc.gif?id=1488029&amp;o=node\" \/><\/p>\n<p>\u201cEu admito que tem gente que queira trabalhar por contra pr\u00f3pria, sem registro em carteira. Mas tem que ter um sistema de seguridade social para esse cidad\u00e3o quando acontecer o infort\u00fanio. O cara bate a bicicleta ou bate o carro. Ele precisa de um sistema de seguridade que garanta a ele o m\u00ednimo de sobreviv\u00eancia\u201d, disse \u00e0 imprensa em Recife (PE).<\/p>\n<p>Lula destacou ainda que pretende fazer mudan\u00e7as na legisla\u00e7\u00e3o trabalhista, mas n\u00e3o revogar totalmente as altera\u00e7\u00f5es feitas pelas reformas nos \u00faltimos anos. \u201c\u00c9 por isso que n\u00f3s queremos fazer uma discuss\u00e3o profunda com os empres\u00e1rios e com o movimento sindical sobre a quest\u00e3o da CLT [Consolida\u00e7\u00e3o das Leis do Trabalho] e dos direitos dos trabalhadores. A gente n\u00e3o quer uma volta ao passado, a gente quer apenas garantir que os trabalhadores n\u00e3o sejam tratados como escravos\u201d, acrescentou.<\/p>\n<h2>Fome<\/h2>\n<p>O candidato tamb\u00e9m ressaltou que ter\u00e1 como foco de um eventual novo governo o combate \u00e0 fome. \u201cEu tenho obsess\u00e3o de acabar com a fome. Porque eu n\u00e3o posso admitir que um pa\u00eds que \u00e9 o terceiro produtor de alimentos do mundo, o primeiro produtor de prote\u00edna animal do planeta Terra, tenha gente atr\u00e1s de osso, de carca\u00e7a de frango. S\u00e3o 33 milh\u00f5es de pessoas que v\u00e3o dormir sem comer todos os dias. Isso n\u00e3o \u00e9 falta de dinheiro, \u00e9 falta de vergonha de quem governa o pa\u00eds\u201d, enfatizou.<\/p>\n<p>Entre as medidas que poderiam, segundo Lula, ser tomadas para melhorar o acesso da popula\u00e7\u00e3o aos alimentos, est\u00e1 a cria\u00e7\u00e3o de estoques reguladores. \u201cPode facilitar o aumento da produ\u00e7\u00e3o agr\u00edcola, sobretudo do pequeno e m\u00e9dio produtor rural. Aumentando, voc\u00ea pode fazer estoque. Fazendo estoque, voc\u00ea pode controlar o pre\u00e7o. Colocar mais produto no mercado quando o pre\u00e7o tiver alto\u201d, pontuou.<\/p>\n<p><span style=\"font-weight: 400;\">Fonte: Ag\u00eancia Brasil <\/span><\/p>\n","protected":false},"excerpt":{"rendered":"<p>O candidato do PT \u00e0 Presid\u00eancia da Rep\u00fablica, Luiz In\u00e1cio Lula da Silva, disse hoje (14) que \u00e9 preciso garantir os benef\u00edcios da seguridade social para todos os trabalhadores, mesmo os que n\u00e3o tem carteira assinada. \u201cEu admito que tem gente que queira trabalhar por contra pr\u00f3pria, sem registro em carteira. Mas tem que ter [&hellip;]<\/p>\n","protected":false},"author":246,"featured_media":205470,"comment_status":"closed","ping_status":"closed","sticky":false,"template":"","format":"standard","meta":{"footnotes":""},"categories":[436,254,439],"tags":[],"class_list":["post-205469","post","type-post","status-publish","format-standard","has-post-thumbnail","hentry","category-destaque-da-semana","category-politica","category-ultima-hora"],"_links":{"self":[{"href":"https:\/\/diarioregionaldigital.com.br\/index.php?rest_route=\/wp\/v2\/posts\/205469","targetHints":{"allow":["GET"]}}],"collection":[{"href":"https:\/\/diarioregionaldigital.com.br\/index.php?rest_route=\/wp\/v2\/posts"}],"about":[{"href":"https:\/\/diarioregionaldigital.com.br\/index.php?rest_route=\/wp\/v2\/types\/post"}],"author":[{"embeddable":true,"href":"https:\/\/diarioregionaldigital.com.br\/index.php?rest_route=\/wp\/v2\/users\/246"}],"replies":[{"embeddable":true,"href":"https:\/\/diarioregionaldigital.com.br\/index.php?rest_route=%2Fwp%2Fv2%2Fcomments&post=205469"}],"version-history":[{"count":2,"href":"https:\/\/diarioregionaldigital.com.br\/index.php?rest_route=\/wp\/v2\/posts\/205469\/revisions"}],"predecessor-version":[{"id":205472,"href":"https:\/\/diarioregionaldigital.com.br\/index.php?rest_route=\/wp\/v2\/posts\/205469\/revisions\/205472"}],"wp:featuredmedia":[{"embeddable":true,"href":"https:\/\/diarioregionaldigital.com.br\/index.php?rest_route=\/wp\/v2\/media\/205470"}],"wp:attachment":[{"href":"https:\/\/diarioregionaldigital.com.br\/index.php?rest_route=%2Fwp%2Fv2%2Fmedia&parent=205469"}],"wp:term":[{"taxonomy":"category","embeddable":true,"href":"https:\/\/diarioregionaldigital.com.br\/index.php?rest_route=%2Fwp%2Fv2%2Fcategories&post=205469"},{"taxonomy":"post_tag","embeddable":true,"href":"https:\/\/diarioregionaldigital.com.br\/index.php?rest_route=%2Fwp%2Fv2%2Ftags&post=205469"}],"curies":[{"name":"wp","href":"https:\/\/api.w.org\/{rel}","templated":true}]}}