{"id":205466,"date":"2022-10-14T20:59:13","date_gmt":"2022-10-14T23:59:13","guid":{"rendered":"https:\/\/diarioregionaldigital.com.br\/?p=205466"},"modified":"2022-10-14T20:59:13","modified_gmt":"2022-10-14T23:59:13","slug":"bolsonaro-comemora-a-queda-dos-indices-de-violencia-no-pais","status":"publish","type":"post","link":"https:\/\/diarioregionaldigital.com.br\/?p=205466","title":{"rendered":"Bolsonaro comemora a queda dos \u00edndices de viol\u00eancia no pa\u00eds"},"content":{"rendered":"<p>O candidato \u00e0 reelei\u00e7\u00e3o \u00e0 Presid\u00eancia da Rep\u00fablica pelo PL, Jair Bolsonaro, comemorou a queda nos \u00edndices de viol\u00eancia no pa\u00eds. Ele falou durante com\u00edcio realizado nesta sexta-feira (14) na cidade de Duque de Caxias, na Baixada Fluminense.\u00a0<img decoding=\"async\" src=\"https:\/\/agenciabrasil.ebc.com.br\/ebc.png?id=1488074&amp;o=node\" \/><img decoding=\"async\" src=\"https:\/\/agenciabrasil.ebc.com.br\/ebc.gif?id=1488074&amp;o=node\" \/><\/p>\n<p>\u201cO feminic\u00eddio caiu. Algu\u00e9m tem not\u00edcia de ter subido o n\u00famero de gays mortos no Brasil? N\u00e3o subiu, porque diminuiu. Dados preliminares de ontem [indicam que], pela primeira vez na hist\u00f3ria do Brasil, o n\u00famero de mortes violentas ficar\u00e1 abaixo de 20 por 100 mil habitantes. \u00c9 um governo que combate a viol\u00eancia no nosso Brasil\u201d, disse Bolsonaro.<\/p>\n<p>O candidato tamb\u00e9m declarou que, se for reeleito, vai propor, juntamente com o Congresso Nacional, a redu\u00e7\u00e3o da maioridade penal, podendo imputar de forma mais dura crimes aos jovens entre 16 e 18 anos, que hoje se beneficiam com penas menores do que os adultos.<\/p>\n<p>\u201c\u00c9 um governo que est\u00e1 aberto a todos, que \u00e9 da inclus\u00e3o, da paz, do amor, mas \u00e9 da responsabilidade tamb\u00e9m. Pode ter certeza que aquele menorz\u00e3o, que est\u00e1 acostumado a roubar um celular, n\u00f3s, no ano que vem, vamos aprovar a redu\u00e7\u00e3o da maioridade penal\u201d, disse.<\/p>\n<p>Bolsonaro se dirigiu aos profissionais de seguran\u00e7a prometendo apoiar altera\u00e7\u00f5es no excludente de ilicitude, j\u00e1 previsto no Artigo 23 do C\u00f3digo Penal, que exclui a culpabilidade de condutas ilegais em determinadas circunst\u00e2ncias. O projeto apresentado \u00e0 C\u00e2mara dos Deputados por Bolsonaro prop\u00f5e que o juiz poder\u00e1 reduzir a pena at\u00e9 a metade ou deixar de aplic\u00e1-la se o excesso decorrer de escus\u00e1vel medo, surpresa ou violenta emo\u00e7\u00e3o. \u201cPrezados policiais do Brasil, civis e militares, no ano que vem, vamos aprovar o excludente de ilicitude, para dar tranquilidade para voc\u00eas poderem trabalhar\u201d.<\/p>\n<h2>Minas Gerais<\/h2>\n<p>Na parte da tarde, Bolsonaro e seu vice, general Braga Netto, se reuniram com prefeitos e vices em Belo Horizonte, com a presen\u00e7a do governador reeleito, Romeu Zema (Novo). O presidente fez um apelo para que todos busquem virar votos e levar \u00e0s urnas pessoas idosas que n\u00e3o foram votar no primeiro turno.<\/p>\n<p>\u201cEu pe\u00e7o humildemente a voc\u00eas, que est\u00e3o com o povo na ponta da linha, prefeitos e vices. Ajudem o Brasil a n\u00e3o ir para tr\u00e1s. Refresquem a mem\u00f3ria de quem votou no PT. Vamos trazer esse voto para o nosso lado. Vamos virar, Minas Gerais. Muitos de nossos av\u00f3s e pais n\u00e3o votaram, porque a fila era muito grande. Vamos levar os nossos av\u00f3s para votar. Vamos trabalhar. Conversar com o vizinho. Muitas vezes dentro de casa mesmo. Vamos mudar votos. E vamos ganhar esta elei\u00e7\u00e3o\u201d, disse Bolsonaro.<\/p>\n<p><span style=\"font-weight: 400;\">Fonte: Ag\u00eancia Brasil <\/span><\/p>\n","protected":false},"excerpt":{"rendered":"<p>O candidato \u00e0 reelei\u00e7\u00e3o \u00e0 Presid\u00eancia da Rep\u00fablica pelo PL, Jair Bolsonaro, comemorou a queda nos \u00edndices de viol\u00eancia no pa\u00eds. Ele falou durante com\u00edcio realizado nesta sexta-feira (14) na cidade de Duque de Caxias, na Baixada Fluminense.\u00a0 \u201cO feminic\u00eddio caiu. Algu\u00e9m tem not\u00edcia de ter subido o n\u00famero de gays mortos no Brasil? N\u00e3o [&hellip;]<\/p>\n","protected":false},"author":246,"featured_media":205467,"comment_status":"closed","ping_status":"closed","sticky":false,"template":"","format":"standard","meta":{"footnotes":""},"categories":[436,254,439],"tags":[],"class_list":["post-205466","post","type-post","status-publish","format-standard","has-post-thumbnail","hentry","category-destaque-da-semana","category-politica","category-ultima-hora"],"_links":{"self":[{"href":"https:\/\/diarioregionaldigital.com.br\/index.php?rest_route=\/wp\/v2\/posts\/205466","targetHints":{"allow":["GET"]}}],"collection":[{"href":"https:\/\/diarioregionaldigital.com.br\/index.php?rest_route=\/wp\/v2\/posts"}],"about":[{"href":"https:\/\/diarioregionaldigital.com.br\/index.php?rest_route=\/wp\/v2\/types\/post"}],"author":[{"embeddable":true,"href":"https:\/\/diarioregionaldigital.com.br\/index.php?rest_route=\/wp\/v2\/users\/246"}],"replies":[{"embeddable":true,"href":"https:\/\/diarioregionaldigital.com.br\/index.php?rest_route=%2Fwp%2Fv2%2Fcomments&post=205466"}],"version-history":[{"count":1,"href":"https:\/\/diarioregionaldigital.com.br\/index.php?rest_route=\/wp\/v2\/posts\/205466\/revisions"}],"predecessor-version":[{"id":205468,"href":"https:\/\/diarioregionaldigital.com.br\/index.php?rest_route=\/wp\/v2\/posts\/205466\/revisions\/205468"}],"wp:featuredmedia":[{"embeddable":true,"href":"https:\/\/diarioregionaldigital.com.br\/index.php?rest_route=\/wp\/v2\/media\/205467"}],"wp:attachment":[{"href":"https:\/\/diarioregionaldigital.com.br\/index.php?rest_route=%2Fwp%2Fv2%2Fmedia&parent=205466"}],"wp:term":[{"taxonomy":"category","embeddable":true,"href":"https:\/\/diarioregionaldigital.com.br\/index.php?rest_route=%2Fwp%2Fv2%2Fcategories&post=205466"},{"taxonomy":"post_tag","embeddable":true,"href":"https:\/\/diarioregionaldigital.com.br\/index.php?rest_route=%2Fwp%2Fv2%2Ftags&post=205466"}],"curies":[{"name":"wp","href":"https:\/\/api.w.org\/{rel}","templated":true}]}}