{"id":205463,"date":"2022-10-14T20:57:49","date_gmt":"2022-10-14T23:57:49","guid":{"rendered":"https:\/\/diarioregionaldigital.com.br\/?p=205463"},"modified":"2022-10-14T20:57:49","modified_gmt":"2022-10-14T23:57:49","slug":"haddad-afirma-que-vai-dobrar-orcamento-da-cultura-em-sao-paulo","status":"publish","type":"post","link":"https:\/\/diarioregionaldigital.com.br\/?p=205463","title":{"rendered":"Haddad afirma que vai dobrar or\u00e7amento da cultura em S\u00e3o Paulo"},"content":{"rendered":"<p>O candidato do PT ao governo de S\u00e3o Paulo, Fernando Haddad, disse hoje (14) que, se for eleito, dobrar\u00e1 o or\u00e7amento estadual destinado \u00e0 cultura. De acordo com haddad, a cultura \u00e9 um setor importante, gerador de emprego, renda e oportunidade.<img decoding=\"async\" src=\"https:\/\/agenciabrasil.ebc.com.br\/ebc.png?id=1488111&amp;o=node\" \/><img decoding=\"async\" src=\"https:\/\/agenciabrasil.ebc.com.br\/ebc.gif?id=1488111&amp;o=node\" \/><\/p>\n<p>\u201cZero v\u00edrgula tr\u00eas por cento do or\u00e7amento estadual para a cultura \u00e9 um erro econ\u00f4mico. A cultura \u00e9 uma frente de gera\u00e7\u00e3o de emprego, renda e oportunidade. Temos que, no m\u00ednimo, dobrar o or\u00e7amento da cultura para fazer chegar em Suzano os editais, assim como no interior do estado\u201d, disse o candidato, que visitou hoje a cidade da regi\u00e3o metropolitana de S\u00e3o Paulo.<\/p>\n<p>Haddad tamb\u00e9m destacou que pretende colocar em pr\u00e1tica pol\u00edticas de compra de alimentos para escolas e hospitais, al\u00e9m de iniciativas de combate \u00e0 fome. Segundo o candidato, ter\u00e3o prioridade alimentos da agricultura familiar e, sempre que poss\u00edvel, org\u00e2nicos.<\/p>\n<p>\u201cN\u00f3s vamos usar as compras do governo para aquisi\u00e7\u00e3o de alimentos. Eu fiz isso quando fui ministro [da Educa\u00e7\u00e3o] e quando fui prefeito [de S\u00e3o Paulo]. Vamos melhorar a qualidade da merenda comprando alimentos dos produtores rurais a um pre\u00e7o justo. Ent\u00e3o, quem trabalha com a terra n\u00e3o precisa se preocupar porque a nossa gest\u00e3o vai apoiar o setor\u201d, disse.<\/p>\n<p>Neste s\u00e1bado (15), Haddad faz duas caminhadas na capital paulista: de manh\u00e3, em Heli\u00f3polis e, \u00e0 tarde, na regi\u00e3o da Avenida Paulista.<\/p>\n<p><span style=\"font-weight: 400;\">Fonte: Ag\u00eancia Brasil <\/span><\/p>\n","protected":false},"excerpt":{"rendered":"<p>O candidato do PT ao governo de S\u00e3o Paulo, Fernando Haddad, disse hoje (14) que, se for eleito, dobrar\u00e1 o or\u00e7amento estadual destinado \u00e0 cultura. De acordo com haddad, a cultura \u00e9 um setor importante, gerador de emprego, renda e oportunidade. \u201cZero v\u00edrgula tr\u00eas por cento do or\u00e7amento estadual para a cultura \u00e9 um erro [&hellip;]<\/p>\n","protected":false},"author":246,"featured_media":205464,"comment_status":"closed","ping_status":"closed","sticky":false,"template":"","format":"standard","meta":{"footnotes":""},"categories":[436,254,439],"tags":[],"class_list":["post-205463","post","type-post","status-publish","format-standard","has-post-thumbnail","hentry","category-destaque-da-semana","category-politica","category-ultima-hora"],"_links":{"self":[{"href":"https:\/\/diarioregionaldigital.com.br\/index.php?rest_route=\/wp\/v2\/posts\/205463","targetHints":{"allow":["GET"]}}],"collection":[{"href":"https:\/\/diarioregionaldigital.com.br\/index.php?rest_route=\/wp\/v2\/posts"}],"about":[{"href":"https:\/\/diarioregionaldigital.com.br\/index.php?rest_route=\/wp\/v2\/types\/post"}],"author":[{"embeddable":true,"href":"https:\/\/diarioregionaldigital.com.br\/index.php?rest_route=\/wp\/v2\/users\/246"}],"replies":[{"embeddable":true,"href":"https:\/\/diarioregionaldigital.com.br\/index.php?rest_route=%2Fwp%2Fv2%2Fcomments&post=205463"}],"version-history":[{"count":1,"href":"https:\/\/diarioregionaldigital.com.br\/index.php?rest_route=\/wp\/v2\/posts\/205463\/revisions"}],"predecessor-version":[{"id":205465,"href":"https:\/\/diarioregionaldigital.com.br\/index.php?rest_route=\/wp\/v2\/posts\/205463\/revisions\/205465"}],"wp:featuredmedia":[{"embeddable":true,"href":"https:\/\/diarioregionaldigital.com.br\/index.php?rest_route=\/wp\/v2\/media\/205464"}],"wp:attachment":[{"href":"https:\/\/diarioregionaldigital.com.br\/index.php?rest_route=%2Fwp%2Fv2%2Fmedia&parent=205463"}],"wp:term":[{"taxonomy":"category","embeddable":true,"href":"https:\/\/diarioregionaldigital.com.br\/index.php?rest_route=%2Fwp%2Fv2%2Fcategories&post=205463"},{"taxonomy":"post_tag","embeddable":true,"href":"https:\/\/diarioregionaldigital.com.br\/index.php?rest_route=%2Fwp%2Fv2%2Ftags&post=205463"}],"curies":[{"name":"wp","href":"https:\/\/api.w.org\/{rel}","templated":true}]}}