{"id":205417,"date":"2022-10-13T19:52:50","date_gmt":"2022-10-13T22:52:50","guid":{"rendered":"https:\/\/diarioregionaldigital.com.br\/?p=205417"},"modified":"2022-10-13T19:52:50","modified_gmt":"2022-10-13T22:52:50","slug":"fifa-define-potes-do-sorteio-da-copa-do-mundo-feminina-do-ano-que-vem","status":"publish","type":"post","link":"https:\/\/diarioregionaldigital.com.br\/?p=205417","title":{"rendered":"Fifa define potes do sorteio da Copa do Mundo Feminina do ano que vem"},"content":{"rendered":"<p>A Fifa definiu nesta quinta-feira (13) a divis\u00e3o de potes para o sorteio de grupos da Copa do Mundo Feminina de Futebol, no pr\u00f3ximo dia 22, em \u00a0Auckland, na Nova Zel\u00e2ndia. A divis\u00e3o das 32 sele\u00e7\u00f5es por quatro potes levou em conta o posicionamento dos pa\u00edses no ranking mundial, atualizado hoje (13). O Brasil, nono colocado na lista, est\u00e1 no pote 2, junto com Canad\u00e1, Holanda, Jap\u00e3o, Noruega, It\u00e1lia, China e Coreia do Sul.<img decoding=\"async\" src=\"https:\/\/agenciabrasil.ebc.com.br\/ebc.png?id=1487884&amp;o=node\" \/><img decoding=\"async\" src=\"https:\/\/agenciabrasil.ebc.com.br\/ebc.gif?id=1487884&amp;o=node\" \/><\/p>\n<p>No pote 1 ficaram Nova Zel\u00e2ndia e Austr\u00e1lia \u2013 sedes do Mundial \u2013 seguidas dos Estados Unidos, l\u00edder do ranking, Su\u00e9cia, Alemanha, Inglaterra, Fran\u00e7a e Espanha. J\u00e1 o pote 3 tem Dinamarca, Su\u00ed\u00e7a, Irlanda, Col\u00f4mbia, Argentina, Vietn\u00e3, Costa Rica e Jamaica.\u00a0Por \u00faltimo, no pote 4, est\u00e3o Nig\u00e9ria, Filipinas, \u00c1frica do Sul, Marrocos, Z\u00e2mbia e tr\u00eas vagas ainda em aberto. .<\/p>\n<p>A Fifa confirmou nesta quinta (13) que as \u00faltimas vagas no Mundial ser\u00e3o preenchidas em Torneio Classificat\u00f3rio (repescagem) em fevereiro do ano que vem. A disputa reunir\u00e1 10 pa\u00edses: Chile, Paraguai, Taip\u00e9 Chinesa, Tail\u00e2ndia, Camar\u00f5es, Senegal, Haiti, Panam\u00e1, Papua-Nova Guin\u00e9 e Portugal.<\/p>\n<p>Faltam pouco mais de sete meses para a abertura da nona edi\u00e7\u00e3o do Mundial Feminino de Futebol, em 20 de julho, na Nova Zel\u00e2ndia. A final est\u00e1 programada para 20 de agosto na Austr\u00e1lia.<\/p>\n<p><span style=\"font-weight: 400;\"><br \/>\n<\/span><span style=\"font-weight: 400;\">Fonte: Ag\u00eancia Brasil <\/span><\/p>\n","protected":false},"excerpt":{"rendered":"<p>A Fifa definiu nesta quinta-feira (13) a divis\u00e3o de potes para o sorteio de grupos da Copa do Mundo Feminina de Futebol, no pr\u00f3ximo dia 22, em \u00a0Auckland, na Nova Zel\u00e2ndia. A divis\u00e3o das 32 sele\u00e7\u00f5es por quatro potes levou em conta o posicionamento dos pa\u00edses no ranking mundial, atualizado hoje (13). O Brasil, nono [&hellip;]<\/p>\n","protected":false},"author":246,"featured_media":205418,"comment_status":"closed","ping_status":"closed","sticky":false,"template":"","format":"standard","meta":{"footnotes":""},"categories":[436,257,439],"tags":[],"class_list":["post-205417","post","type-post","status-publish","format-standard","has-post-thumbnail","hentry","category-destaque-da-semana","category-esporte","category-ultima-hora"],"_links":{"self":[{"href":"https:\/\/diarioregionaldigital.com.br\/index.php?rest_route=\/wp\/v2\/posts\/205417","targetHints":{"allow":["GET"]}}],"collection":[{"href":"https:\/\/diarioregionaldigital.com.br\/index.php?rest_route=\/wp\/v2\/posts"}],"about":[{"href":"https:\/\/diarioregionaldigital.com.br\/index.php?rest_route=\/wp\/v2\/types\/post"}],"author":[{"embeddable":true,"href":"https:\/\/diarioregionaldigital.com.br\/index.php?rest_route=\/wp\/v2\/users\/246"}],"replies":[{"embeddable":true,"href":"https:\/\/diarioregionaldigital.com.br\/index.php?rest_route=%2Fwp%2Fv2%2Fcomments&post=205417"}],"version-history":[{"count":1,"href":"https:\/\/diarioregionaldigital.com.br\/index.php?rest_route=\/wp\/v2\/posts\/205417\/revisions"}],"predecessor-version":[{"id":205419,"href":"https:\/\/diarioregionaldigital.com.br\/index.php?rest_route=\/wp\/v2\/posts\/205417\/revisions\/205419"}],"wp:featuredmedia":[{"embeddable":true,"href":"https:\/\/diarioregionaldigital.com.br\/index.php?rest_route=\/wp\/v2\/media\/205418"}],"wp:attachment":[{"href":"https:\/\/diarioregionaldigital.com.br\/index.php?rest_route=%2Fwp%2Fv2%2Fmedia&parent=205417"}],"wp:term":[{"taxonomy":"category","embeddable":true,"href":"https:\/\/diarioregionaldigital.com.br\/index.php?rest_route=%2Fwp%2Fv2%2Fcategories&post=205417"},{"taxonomy":"post_tag","embeddable":true,"href":"https:\/\/diarioregionaldigital.com.br\/index.php?rest_route=%2Fwp%2Fv2%2Ftags&post=205417"}],"curies":[{"name":"wp","href":"https:\/\/api.w.org\/{rel}","templated":true}]}}