{"id":205414,"date":"2022-10-13T19:50:27","date_gmt":"2022-10-13T22:50:27","guid":{"rendered":"https:\/\/diarioregionaldigital.com.br\/?p=205414"},"modified":"2022-10-13T19:50:27","modified_gmt":"2022-10-13T22:50:27","slug":"brasil-bate-italia-e-fica-a-um-jogo-do-inedito-titulo-mundial-de-volei","status":"publish","type":"post","link":"https:\/\/diarioregionaldigital.com.br\/?p=205414","title":{"rendered":"Brasil bate It\u00e1lia e fica a um jogo do in\u00e9dito t\u00edtulo mundial de v\u00f4lei"},"content":{"rendered":"<p>A sele\u00e7\u00e3o brasileira despachou a It\u00e1lia por 3 sets 1 nesta quinta-feira (13) e ficou a apenas um jogo de conquistar o t\u00edtulo in\u00e9dito no Mundial de V\u00f4lei Feminino. A final ser\u00e1 contra a atual campe\u00e3 S\u00e9rvia, invicta na competi\u00e7\u00e3o. O duelo ser\u00e1 no s\u00e1bado (15), \u00e0s 15h (hor\u00e1rio de Bras\u00edlia), em Apeeldorn (Holanda).\u00a0L\u00e1 se v\u00e3o 12 anos desde a \u00faltima vez que o Brasil chegou \u00e0 final. Na ocasi\u00e3o o pa\u00eds foi prata ao ser superado pela R\u00fassia, mesmo algoz da edi\u00e7\u00e3o anterior (2006). A sele\u00e7\u00e3o foi bronze em 2014 e vice-campe\u00e3 em 1994, ao perder para Cuba.<img decoding=\"async\" src=\"https:\/\/agenciabrasil.ebc.com.br\/ebc.png?id=1487925&amp;o=node\" \/><img decoding=\"async\" src=\"https:\/\/agenciabrasil.ebc.com.br\/ebc.gif?id=1487925&amp;o=node\" \/><\/p>\n<p>O triunfo sobre It\u00e1lia, considerada favorita ao t\u00edtulo, teve valor para l\u00e1 de especial para a equipe comandada pelo t\u00e9cnico Jos\u00e9 Roberto Guimar\u00e3es. Em julho, as rivais foram campe\u00e3s da Liga das Na\u00e7\u00f5es, ao ganharem do Brasil na final. A derrota das italianas na semifinal hoje (13) foi a segunda diante da sele\u00e7\u00e3o nesta edi\u00e7\u00e3o do Mundial; na primeira fase elas j\u00e1 haviam perdido por 3 sets a 0.<\/p>\n<p>A capit\u00e3 Gabi segue voando em quadra: a ponteira marcou 20 pontos. Tamb\u00e9m no ataque, Lorenne fez outros 14. J\u00e1 nos bloqueios, quem brilhou foi Carolana, com 17 pontos.\u00a0Do lado advers\u00e1rio, a melhor performance foi de Paola Egonu: 30 pontos.<\/p>\n<p>A sele\u00e7\u00e3o brasileira disputa o Mundial com as levantadoras Macris e Roberta, as opostas Kisy e Lorenne, as ponteiras Gabi, Rosamaria, Pri Daroit e Tainara, as centrais Carol, Carol Gattaz, Julia Kudiess e Lorena, as l\u00edberos Nyeme e Natinha.<\/p>\n<p><span style=\"font-weight: 400;\">Fonte: Ag\u00eancia Brasil <\/span><\/p>\n","protected":false},"excerpt":{"rendered":"<p>A sele\u00e7\u00e3o brasileira despachou a It\u00e1lia por 3 sets 1 nesta quinta-feira (13) e ficou a apenas um jogo de conquistar o t\u00edtulo in\u00e9dito no Mundial de V\u00f4lei Feminino. A final ser\u00e1 contra a atual campe\u00e3 S\u00e9rvia, invicta na competi\u00e7\u00e3o. O duelo ser\u00e1 no s\u00e1bado (15), \u00e0s 15h (hor\u00e1rio de Bras\u00edlia), em Apeeldorn (Holanda).\u00a0L\u00e1 se [&hellip;]<\/p>\n","protected":false},"author":246,"featured_media":205415,"comment_status":"closed","ping_status":"closed","sticky":false,"template":"","format":"standard","meta":{"footnotes":""},"categories":[436,440,257,439],"tags":[],"class_list":["post-205414","post","type-post","status-publish","format-standard","has-post-thumbnail","hentry","category-destaque-da-semana","category-destaques-do-dia","category-esporte","category-ultima-hora"],"_links":{"self":[{"href":"https:\/\/diarioregionaldigital.com.br\/index.php?rest_route=\/wp\/v2\/posts\/205414","targetHints":{"allow":["GET"]}}],"collection":[{"href":"https:\/\/diarioregionaldigital.com.br\/index.php?rest_route=\/wp\/v2\/posts"}],"about":[{"href":"https:\/\/diarioregionaldigital.com.br\/index.php?rest_route=\/wp\/v2\/types\/post"}],"author":[{"embeddable":true,"href":"https:\/\/diarioregionaldigital.com.br\/index.php?rest_route=\/wp\/v2\/users\/246"}],"replies":[{"embeddable":true,"href":"https:\/\/diarioregionaldigital.com.br\/index.php?rest_route=%2Fwp%2Fv2%2Fcomments&post=205414"}],"version-history":[{"count":1,"href":"https:\/\/diarioregionaldigital.com.br\/index.php?rest_route=\/wp\/v2\/posts\/205414\/revisions"}],"predecessor-version":[{"id":205416,"href":"https:\/\/diarioregionaldigital.com.br\/index.php?rest_route=\/wp\/v2\/posts\/205414\/revisions\/205416"}],"wp:featuredmedia":[{"embeddable":true,"href":"https:\/\/diarioregionaldigital.com.br\/index.php?rest_route=\/wp\/v2\/media\/205415"}],"wp:attachment":[{"href":"https:\/\/diarioregionaldigital.com.br\/index.php?rest_route=%2Fwp%2Fv2%2Fmedia&parent=205414"}],"wp:term":[{"taxonomy":"category","embeddable":true,"href":"https:\/\/diarioregionaldigital.com.br\/index.php?rest_route=%2Fwp%2Fv2%2Fcategories&post=205414"},{"taxonomy":"post_tag","embeddable":true,"href":"https:\/\/diarioregionaldigital.com.br\/index.php?rest_route=%2Fwp%2Fv2%2Ftags&post=205414"}],"curies":[{"name":"wp","href":"https:\/\/api.w.org\/{rel}","templated":true}]}}