{"id":205411,"date":"2022-10-13T19:37:25","date_gmt":"2022-10-13T22:37:25","guid":{"rendered":"https:\/\/diarioregionaldigital.com.br\/?p=205411"},"modified":"2022-10-13T19:37:25","modified_gmt":"2022-10-13T22:37:25","slug":"lula-fara-orcamento-participativo-com-contribuicoes-pela-internet","status":"publish","type":"post","link":"https:\/\/diarioregionaldigital.com.br\/?p=205411","title":{"rendered":"Lula far\u00e1 or\u00e7amento participativo com contribui\u00e7\u00f5es pela internet"},"content":{"rendered":"<p>O candidato do PT \u00e0 Presid\u00eancia, Luiz In\u00e1cio Lula da Silva, disse hoje (13) que pretende recolher contribui\u00e7\u00f5es para elaborar o Or\u00e7amento da Uni\u00e3o pela internet. \u201cA gente vai elaborar o or\u00e7amento e, antes de apresentar ao Congresso [Nacional], atrav\u00e9s da internet, quem quiser dar palpite no or\u00e7amento, dar\u00e1. E a gente vai incluir a partir da necessidade das pessoas\u201d, disse ao falar \u00e0 imprensa em Aracaju (SE).<img decoding=\"async\" src=\"https:\/\/agenciabrasil.ebc.com.br\/ebc.png?id=1487882&amp;o=node\" \/><img decoding=\"async\" src=\"https:\/\/agenciabrasil.ebc.com.br\/ebc.gif?id=1487882&amp;o=node\" \/><\/p>\n<p>Segundo Lula, a proposta \u00e9 usar as ferramentas digitais para colocar em pr\u00e1tica o conceito de or\u00e7amento participativo pelo governo federal.<\/p>\n<p>O candidato tamb\u00e9m pretende procurar os bancos e grandes empresas para propor a renegocia\u00e7\u00e3o das d\u00edvidas das fam\u00edlias inadimplentes. \u201cN\u00f3s temos que negociar uma parte da d\u00edvida que as pessoas t\u00eam com o varejo, com a Magalu, com as Casas Bahia. Chamar os empres\u00e1rios para propor uma negocia\u00e7\u00e3o e tirar as pessoas endividadas do Serasa\u201d, disse.<\/p>\n<p>Lula quer ainda rediscutir com os bancos a redu\u00e7\u00e3o das taxas e juros cobrados pelas institui\u00e7\u00f5es financeiras. \u201cOutra coisa \u00e9 discutir com o sistema financeiro. Os bancos, al\u00e9m das taxas de juros serem escorchantes, tem uma [grande] quantidade de penduricalhos que triplicam a sua d\u00edvida. A\u00ed, voc\u00ea n\u00e3o consegue sair mais [do endividamento]\u201d, acrescentou. \u201cVamos discutir mais condi\u00e7\u00f5es para fazer cr\u00e9dito mais barato\u201d, enfatizou.<\/p>\n<p>A pol\u00edtica de reajuste do sal\u00e1rio m\u00ednimo, com aumentos a partir do crescimento do Produto Interno Bruto (PIB) \u00e9 uma pol\u00edtica que o ex-presidente pretende retomar, caso seja eleito. \u201cSe o PIB cresce e s\u00f3 o patr\u00e3o fica com o crescimento, o que ganha o povo? Nada. Ent\u00e3o, \u00e9 preciso que esse PIB cres\u00e7a e seja repartido. Era por isso que a gente dava a infla\u00e7\u00e3o e reajustava o sal\u00e1rio m\u00ednimo de acordo com o PIB dos \u00faltimos dois anos\u201d, disse.<\/p>\n<p>\u00c0 tarde, o ex-presidente participou de uma caminhada em Macei\u00f3 e depois discursou em cima de um caminh\u00e3o de som. O petista voltou a falar sobre os minist\u00e9rios que ser\u00e3o recriados, como o da Cultura e o da Igualdade Racial, al\u00e9m de uma nova pasta voltada \u00e0s popula\u00e7\u00f5es ind\u00edgenas, o assim chamado Minist\u00e9rio dos Povos Origin\u00e1rios.<\/p>\n<p>Ainda segundo o candidato, seu governo vai combater o garimpo em terras ind\u00edgenas e estimular a recupera\u00e7\u00e3o de 30 milh\u00f5es de hectares de pastagens degradadas.<\/p>\n<p>Ao fim da atividade na capital alagoana, Lula seguiu para Recife, onde uma caminhada com aliados pol\u00edticos e uma coletiva de imprensa\u00a0est\u00e3o previstos para a manh\u00e3 desta sexta-feira (14). Em seguida, ele retornar\u00e1 para S\u00e3o Paulo, onde passar\u00e1 os pr\u00f3ximos dias se preparando para o primeiro debate presidencial do segundo turno, marcado para domingo (16).<\/p>\n<p><span style=\"font-weight: 400;\">Fonte: Ag\u00eancia Brasil <\/span><\/p>\n","protected":false},"excerpt":{"rendered":"<p>O candidato do PT \u00e0 Presid\u00eancia, Luiz In\u00e1cio Lula da Silva, disse hoje (13) que pretende recolher contribui\u00e7\u00f5es para elaborar o Or\u00e7amento da Uni\u00e3o pela internet. \u201cA gente vai elaborar o or\u00e7amento e, antes de apresentar ao Congresso [Nacional], atrav\u00e9s da internet, quem quiser dar palpite no or\u00e7amento, dar\u00e1. E a gente vai incluir a [&hellip;]<\/p>\n","protected":false},"author":246,"featured_media":205412,"comment_status":"closed","ping_status":"closed","sticky":false,"template":"","format":"standard","meta":{"footnotes":""},"categories":[436,254,439],"tags":[],"class_list":["post-205411","post","type-post","status-publish","format-standard","has-post-thumbnail","hentry","category-destaque-da-semana","category-politica","category-ultima-hora"],"_links":{"self":[{"href":"https:\/\/diarioregionaldigital.com.br\/index.php?rest_route=\/wp\/v2\/posts\/205411","targetHints":{"allow":["GET"]}}],"collection":[{"href":"https:\/\/diarioregionaldigital.com.br\/index.php?rest_route=\/wp\/v2\/posts"}],"about":[{"href":"https:\/\/diarioregionaldigital.com.br\/index.php?rest_route=\/wp\/v2\/types\/post"}],"author":[{"embeddable":true,"href":"https:\/\/diarioregionaldigital.com.br\/index.php?rest_route=\/wp\/v2\/users\/246"}],"replies":[{"embeddable":true,"href":"https:\/\/diarioregionaldigital.com.br\/index.php?rest_route=%2Fwp%2Fv2%2Fcomments&post=205411"}],"version-history":[{"count":1,"href":"https:\/\/diarioregionaldigital.com.br\/index.php?rest_route=\/wp\/v2\/posts\/205411\/revisions"}],"predecessor-version":[{"id":205413,"href":"https:\/\/diarioregionaldigital.com.br\/index.php?rest_route=\/wp\/v2\/posts\/205411\/revisions\/205413"}],"wp:featuredmedia":[{"embeddable":true,"href":"https:\/\/diarioregionaldigital.com.br\/index.php?rest_route=\/wp\/v2\/media\/205412"}],"wp:attachment":[{"href":"https:\/\/diarioregionaldigital.com.br\/index.php?rest_route=%2Fwp%2Fv2%2Fmedia&parent=205411"}],"wp:term":[{"taxonomy":"category","embeddable":true,"href":"https:\/\/diarioregionaldigital.com.br\/index.php?rest_route=%2Fwp%2Fv2%2Fcategories&post=205411"},{"taxonomy":"post_tag","embeddable":true,"href":"https:\/\/diarioregionaldigital.com.br\/index.php?rest_route=%2Fwp%2Fv2%2Ftags&post=205411"}],"curies":[{"name":"wp","href":"https:\/\/api.w.org\/{rel}","templated":true}]}}