{"id":205408,"date":"2022-10-13T19:35:56","date_gmt":"2022-10-13T22:35:56","guid":{"rendered":"https:\/\/diarioregionaldigital.com.br\/?p=205408"},"modified":"2022-10-13T19:35:56","modified_gmt":"2022-10-13T22:35:56","slug":"bolsonaro-diz-que-vai-desonerar-folha-do-setor-de-saude","status":"publish","type":"post","link":"https:\/\/diarioregionaldigital.com.br\/?p=205408","title":{"rendered":"Bolsonaro diz que vai desonerar folha do setor de sa\u00fade"},"content":{"rendered":"<p>O candidato \u00e0 reelei\u00e7\u00e3o para a Presid\u00eancia da Rep\u00fablica, Jair Bolsonaro (PL), disse hoje (13) que, se vencer o pleito, vai desonerar a folha de pagamento do setor de sa\u00fade. Nesta quinta-feira, ele participou de eventos de campanha no Recife.<img decoding=\"async\" src=\"https:\/\/agenciabrasil.ebc.com.br\/ebc.png?id=1487847&amp;o=node\" \/><img decoding=\"async\" src=\"https:\/\/agenciabrasil.ebc.com.br\/ebc.gif?id=1487847&amp;o=node\" \/><\/p>\n<p>&#8220;Pedi para [o ministro da Economia, Paulo Guedes] desonerar a folha [de pagamento] da sa\u00fade no Brasil. S\u00e3o 17 setores que j\u00e1 est\u00e3o desonerados, e ele falou que eu poderia anunciar a desonera\u00e7\u00e3o da sa\u00fade no Brasil. O impacto \u00e9 compat\u00edvel\u201d, disse. \u201cHoje o setor n\u00e3o desonerado paga um imposto em cima da folha de 20%. A desonera\u00e7\u00e3o passa a ser de 1% a 4% do faturamento bruto da empresa. Vai ser vantajoso, e vamos dar mais uma sinaliza\u00e7\u00e3o para quest\u00e3o do piso da enfermagem no Brasil&#8221;, completou.<\/p>\n<p>Projetos em tramita\u00e7\u00e3o na C\u00e2mara dos Deputados e no Senado tamb\u00e9m tratam da desonera\u00e7\u00e3o da folha de pagamento para o setor de sa\u00fade<\/p>\n<p>Atualmente, a desonera\u00e7\u00e3o beneficia 17 setores da economia. A medida tem validade\u00a0<a href=\"https:\/\/agenciabrasil.ebc.com.br\/economia\/noticia\/2022-01\/desoneracao-da-folha-para-17-setores-e-prorrogada-ate-2023\" target=\"_blank\" rel=\"noopener\">at\u00e9 o fim de 2023<\/a>\u00a0para as empresas de transporte rodovi\u00e1rio coletivo e de cargas, metroferrovi\u00e1rio de passageiros, empresas de inform\u00e1tica, de circuitos integrados, de tecnologia de comunica\u00e7\u00e3o, do setor da constru\u00e7\u00e3o civil, empresas de obras de infraestrutura, empresas de call center, cal\u00e7ados, confec\u00e7\u00e3o e vestu\u00e1rio, couro, jornais e empresas de comunica\u00e7\u00e3o.<\/p>\n<p>Com isso, as empresas podem optar por deixar de pagar a contribui\u00e7\u00e3o previdenci\u00e1ria calculada sobre a folha de pagamentos, de 20% sobre os sal\u00e1rios dos empregados, e continuar a contribuir com a al\u00edquota sobre a receita bruta, que varia de 1% a 4,5%. Em tese, a iniciativa oferece um maior incentivo para a contrata\u00e7\u00e3o de pessoal.<\/p>\n<p>Em discurso para lideran\u00e7as evang\u00e9licas e pol\u00edticas, Bolsonaro citou a\u00e7\u00f5es para o desenvolvimento da Regi\u00e3o Nordeste nas \u00e1reas de energia e minera\u00e7\u00e3o e o trabalho do seu governo em assist\u00eancia social, especialmente direcionado \u00e0s mulheres.<\/p>\n<p><span style=\"font-weight: 400;\">Fonte: Ag\u00eancia Brasil <\/span><\/p>\n","protected":false},"excerpt":{"rendered":"<p>O candidato \u00e0 reelei\u00e7\u00e3o para a Presid\u00eancia da Rep\u00fablica, Jair Bolsonaro (PL), disse hoje (13) que, se vencer o pleito, vai desonerar a folha de pagamento do setor de sa\u00fade. Nesta quinta-feira, ele participou de eventos de campanha no Recife. &#8220;Pedi para [o ministro da Economia, Paulo Guedes] desonerar a folha [de pagamento] da sa\u00fade [&hellip;]<\/p>\n","protected":false},"author":246,"featured_media":205409,"comment_status":"closed","ping_status":"closed","sticky":false,"template":"","format":"standard","meta":{"footnotes":""},"categories":[436,254,439],"tags":[],"class_list":["post-205408","post","type-post","status-publish","format-standard","has-post-thumbnail","hentry","category-destaque-da-semana","category-politica","category-ultima-hora"],"_links":{"self":[{"href":"https:\/\/diarioregionaldigital.com.br\/index.php?rest_route=\/wp\/v2\/posts\/205408","targetHints":{"allow":["GET"]}}],"collection":[{"href":"https:\/\/diarioregionaldigital.com.br\/index.php?rest_route=\/wp\/v2\/posts"}],"about":[{"href":"https:\/\/diarioregionaldigital.com.br\/index.php?rest_route=\/wp\/v2\/types\/post"}],"author":[{"embeddable":true,"href":"https:\/\/diarioregionaldigital.com.br\/index.php?rest_route=\/wp\/v2\/users\/246"}],"replies":[{"embeddable":true,"href":"https:\/\/diarioregionaldigital.com.br\/index.php?rest_route=%2Fwp%2Fv2%2Fcomments&post=205408"}],"version-history":[{"count":1,"href":"https:\/\/diarioregionaldigital.com.br\/index.php?rest_route=\/wp\/v2\/posts\/205408\/revisions"}],"predecessor-version":[{"id":205410,"href":"https:\/\/diarioregionaldigital.com.br\/index.php?rest_route=\/wp\/v2\/posts\/205408\/revisions\/205410"}],"wp:featuredmedia":[{"embeddable":true,"href":"https:\/\/diarioregionaldigital.com.br\/index.php?rest_route=\/wp\/v2\/media\/205409"}],"wp:attachment":[{"href":"https:\/\/diarioregionaldigital.com.br\/index.php?rest_route=%2Fwp%2Fv2%2Fmedia&parent=205408"}],"wp:term":[{"taxonomy":"category","embeddable":true,"href":"https:\/\/diarioregionaldigital.com.br\/index.php?rest_route=%2Fwp%2Fv2%2Fcategories&post=205408"},{"taxonomy":"post_tag","embeddable":true,"href":"https:\/\/diarioregionaldigital.com.br\/index.php?rest_route=%2Fwp%2Fv2%2Ftags&post=205408"}],"curies":[{"name":"wp","href":"https:\/\/api.w.org\/{rel}","templated":true}]}}