{"id":205399,"date":"2022-10-13T19:25:51","date_gmt":"2022-10-13T22:25:51","guid":{"rendered":"https:\/\/diarioregionaldigital.com.br\/?p=205399"},"modified":"2022-10-13T19:25:51","modified_gmt":"2022-10-13T22:25:51","slug":"jornada-auxilio-brasil-tira-duvidas-de-autoridades-sobre-beneficio","status":"publish","type":"post","link":"https:\/\/diarioregionaldigital.com.br\/?p=205399","title":{"rendered":"Jornada Aux\u00edlio Brasil tira d\u00favidas de autoridades sobre benef\u00edcio"},"content":{"rendered":"<p>Equipes do Minist\u00e9rio da Cidadania t\u00eam se reunido com autoridades estaduais e municipais, visando esclarecer eventuais d\u00favidas sobre conceitos e ferramentas do programa Aux\u00edlio Brasil.<img decoding=\"async\" src=\"https:\/\/agenciabrasil.ebc.com.br\/ebc.png?id=1487837&amp;o=node\" \/><img decoding=\"async\" src=\"https:\/\/agenciabrasil.ebc.com.br\/ebc.gif?id=1487837&amp;o=node\" \/><\/p>\n<p>Segundo o secret\u00e1rio executivo da pasta, Lu\u00eds Ant\u00f4nio Galv\u00e3o, no \u00e2mbito da Jornada Aux\u00edlio Brasil j\u00e1 foram feitas visitas a \u201cpraticamente todos os estados\u201d, com o objetivo de debater o tema com t\u00e9cnicos da \u00e1rea de assist\u00eancia social.<\/p>\n<p>\u201cO governo federal \u00e9 formulador de pol\u00edticas p\u00fablicas, mas quem faz a execu\u00e7\u00e3o s\u00e3o estados e munic\u00edpios\u201d, disse hoje (13) o secret\u00e1rio durante entrevista ao programa\u00a0<em>Rep\u00f3rter Nacional<\/em>, veiculado pela\u00a0<strong>Empresa Brasil de Comunica\u00e7\u00e3o<\/strong>\u00a0(<strong>EBC<\/strong>) por meio da\u00a0<strong>R\u00e1dio Nacional<\/strong>.<\/p>\n<div class=\"dnd-widget-wrapper context-cheio_8colunas type-image\">\n<div class=\"dnd-atom-rendered\">\n<p>Galv\u00e3o lembrou que o pa\u00eds est\u00e1 saindo de uma pandemia que acabou por \u201climitar os contatos presenciais\u201d, mas que, com a Jornada Aux\u00edlio Brasil, o minist\u00e9rio est\u00e1 retomando as agendas presenciais com os demais entes federativos.<\/p>\n<p>\u201cHavia uma car\u00eancia de contato de estados e munic\u00edpios com o governo federal\u201d, disse o secret\u00e1rio ao informar que, por meio de reuni\u00f5es e question\u00e1rios respondidos pelas autoridades locais, o governo tem reformulado seus procedimentos tendo, por base, sugest\u00f5es apresentadas pelos demais entes.<\/p>\n<p>Segundo ele, nas visitas feitas por suas equipes a governos locais, procurou-se mostrar como a pol\u00edtica p\u00fablica, de forma integrada, pode ajudar a vida das pessoas. \u201c[Nos pain\u00e9is de discuss\u00e3o] falamos sobre as principais mudan\u00e7as e sobre como o Aux\u00edlio Brasil tem ajudado a transformar a vida das pessoas e na recupera\u00e7\u00e3o da economia local dos munic\u00edpios\u201d.<\/p>\n<p>\u201cLevamos tamb\u00e9m um painel de boas pr\u00e1ticas, para trazer a participa\u00e7\u00e3o dos t\u00e9cnicos que est\u00e3o em contato com a popula\u00e7\u00e3o. \u00c9 um bate-papo franco e t\u00e9cnico, frente \u00e0\u00a0frente com a equipe\u201d, complementou.<\/p>\n<p><span style=\"font-weight: 400;\">Fonte: Ag\u00eancia Brasil <\/span><\/p>\n<\/div>\n<\/div>\n","protected":false},"excerpt":{"rendered":"<p>Equipes do Minist\u00e9rio da Cidadania t\u00eam se reunido com autoridades estaduais e municipais, visando esclarecer eventuais d\u00favidas sobre conceitos e ferramentas do programa Aux\u00edlio Brasil. Segundo o secret\u00e1rio executivo da pasta, Lu\u00eds Ant\u00f4nio Galv\u00e3o, no \u00e2mbito da Jornada Aux\u00edlio Brasil j\u00e1 foram feitas visitas a \u201cpraticamente todos os estados\u201d, com o objetivo de debater o [&hellip;]<\/p>\n","protected":false},"author":246,"featured_media":205400,"comment_status":"closed","ping_status":"closed","sticky":false,"template":"","format":"standard","meta":{"footnotes":""},"categories":[436,261,439],"tags":[],"class_list":["post-205399","post","type-post","status-publish","format-standard","has-post-thumbnail","hentry","category-destaque-da-semana","category-economia","category-ultima-hora"],"_links":{"self":[{"href":"https:\/\/diarioregionaldigital.com.br\/index.php?rest_route=\/wp\/v2\/posts\/205399","targetHints":{"allow":["GET"]}}],"collection":[{"href":"https:\/\/diarioregionaldigital.com.br\/index.php?rest_route=\/wp\/v2\/posts"}],"about":[{"href":"https:\/\/diarioregionaldigital.com.br\/index.php?rest_route=\/wp\/v2\/types\/post"}],"author":[{"embeddable":true,"href":"https:\/\/diarioregionaldigital.com.br\/index.php?rest_route=\/wp\/v2\/users\/246"}],"replies":[{"embeddable":true,"href":"https:\/\/diarioregionaldigital.com.br\/index.php?rest_route=%2Fwp%2Fv2%2Fcomments&post=205399"}],"version-history":[{"count":1,"href":"https:\/\/diarioregionaldigital.com.br\/index.php?rest_route=\/wp\/v2\/posts\/205399\/revisions"}],"predecessor-version":[{"id":205401,"href":"https:\/\/diarioregionaldigital.com.br\/index.php?rest_route=\/wp\/v2\/posts\/205399\/revisions\/205401"}],"wp:featuredmedia":[{"embeddable":true,"href":"https:\/\/diarioregionaldigital.com.br\/index.php?rest_route=\/wp\/v2\/media\/205400"}],"wp:attachment":[{"href":"https:\/\/diarioregionaldigital.com.br\/index.php?rest_route=%2Fwp%2Fv2%2Fmedia&parent=205399"}],"wp:term":[{"taxonomy":"category","embeddable":true,"href":"https:\/\/diarioregionaldigital.com.br\/index.php?rest_route=%2Fwp%2Fv2%2Fcategories&post=205399"},{"taxonomy":"post_tag","embeddable":true,"href":"https:\/\/diarioregionaldigital.com.br\/index.php?rest_route=%2Fwp%2Fv2%2Ftags&post=205399"}],"curies":[{"name":"wp","href":"https:\/\/api.w.org\/{rel}","templated":true}]}}