{"id":205355,"date":"2022-10-11T20:59:16","date_gmt":"2022-10-11T23:59:16","guid":{"rendered":"https:\/\/diarioregionaldigital.com.br\/?p=205355"},"modified":"2022-10-11T20:59:16","modified_gmt":"2022-10-11T23:59:16","slug":"senado-aprova-mp-de-barreiras-sanitarias-em-terras-indigenas","status":"publish","type":"post","link":"https:\/\/diarioregionaldigital.com.br\/?p=205355","title":{"rendered":"Senado aprova MP de barreiras sanit\u00e1rias em terras ind\u00edgenas"},"content":{"rendered":"<p>O Senado aprovou\u00a0hoje\u00a0a Medida Provis\u00f3ria n\u00ba 1.121\/2022, que prev\u00ea a instala\u00e7\u00e3o de barreiras sanit\u00e1rias protetivas de \u00e1reas ind\u00edgenas para controlar o tr\u00e2nsito de pessoas e de mercadorias direcionadas a essas \u00e1reas. O objetivo \u00e9 evitar o cont\u00e1gio e dissemina\u00e7\u00e3o da covid-19 nessas \u00e1reas. O texto segue para promulga\u00e7\u00e3o.<img decoding=\"async\" src=\"https:\/\/agenciabrasil.ebc.com.br\/ebc.png?id=1487650&amp;o=node\" \/><img decoding=\"async\" src=\"https:\/\/agenciabrasil.ebc.com.br\/ebc.gif?id=1487650&amp;o=node\" \/><\/p>\n<p>Segundo o texto, as barreiras sanit\u00e1rias devem ser compostas prioritariamente por servidores p\u00fablicos federais ou por militares e, eventualmente, por servidores p\u00fablicos e militares de estados, Distrito Federal ou munic\u00edpios requisitados pelo ministro da Justi\u00e7a e Seguran\u00e7a P\u00fablica, \u201cpermitida a delega\u00e7\u00e3o\u201d. O ministro da Justi\u00e7a pode editar atos complementares para o cumprimento efetivo da prote\u00e7\u00e3o sanit\u00e1ria.<\/p>\n<p>A MP foi editada originalmente no in\u00edcio\u00a0de junho, determinando a instala\u00e7\u00e3o imediata dessas barreiras. Com sua aprova\u00e7\u00e3o, ela se converte em lei. Outras Medidas Provis\u00f3rias com a mesma finalidade editadas em 2020 e 2021 foram aprovadas pelo Congresso, mas as leis originadas delas previam um per\u00edodo determinado de validade da autoriza\u00e7\u00e3o. A \u00faltima norma vigorou at\u00e9 dezembro do ano passado.<\/p>\n<p>\u201cO m\u00e9rito dessas iniciativas reside no fato de que, com a eclos\u00e3o da pandemia de covid-19 no Brasil, tornou-se imperativo evitar o espalhamento da doen\u00e7a entre os povos origin\u00e1rios\u201d, afirmou o relator da MP, senador Paulo Rocha (PT-PA), em seu parecer.<\/p>\n<p>\u201cSabe-se que as principais fontes de contamina\u00e7\u00e3o s\u00e3o o contato com profissionais de sa\u00fade; a proximidade com garimpeiros e grileiros e o desrespeito \u00e0s medidas sanit\u00e1rias pelas institui\u00e7\u00f5es autorizadas a realizar os pagamentos do aux\u00edlio emergencial\u201d, acrescentou.<\/p>\n<p>Segundo a Articula\u00e7\u00e3o dos Povos Ind\u00edgenas do Brasil (Apib), 1.324 ind\u00edgenas morreram v\u00edtimas da covid-19 desde mar\u00e7o de 2020, com 162 povos afetados e mais de 75 mil casos confirmados at\u00e9 o momento.<\/p>\n<p><span style=\"font-weight: 400;\"><br \/>\n<\/span><span style=\"font-weight: 400;\">Fonte: Ag\u00eancia Senado<\/span><\/p>\n","protected":false},"excerpt":{"rendered":"<p>O Senado aprovou\u00a0hoje\u00a0a Medida Provis\u00f3ria n\u00ba 1.121\/2022, que prev\u00ea a instala\u00e7\u00e3o de barreiras sanit\u00e1rias protetivas de \u00e1reas ind\u00edgenas para controlar o tr\u00e2nsito de pessoas e de mercadorias direcionadas a essas \u00e1reas. O objetivo \u00e9 evitar o cont\u00e1gio e dissemina\u00e7\u00e3o da covid-19 nessas \u00e1reas. O texto segue para promulga\u00e7\u00e3o. Segundo o texto, as barreiras sanit\u00e1rias devem [&hellip;]<\/p>\n","protected":false},"author":246,"featured_media":205356,"comment_status":"closed","ping_status":"closed","sticky":false,"template":"","format":"standard","meta":{"footnotes":""},"categories":[436,254,439],"tags":[],"class_list":["post-205355","post","type-post","status-publish","format-standard","has-post-thumbnail","hentry","category-destaque-da-semana","category-politica","category-ultima-hora"],"_links":{"self":[{"href":"https:\/\/diarioregionaldigital.com.br\/index.php?rest_route=\/wp\/v2\/posts\/205355","targetHints":{"allow":["GET"]}}],"collection":[{"href":"https:\/\/diarioregionaldigital.com.br\/index.php?rest_route=\/wp\/v2\/posts"}],"about":[{"href":"https:\/\/diarioregionaldigital.com.br\/index.php?rest_route=\/wp\/v2\/types\/post"}],"author":[{"embeddable":true,"href":"https:\/\/diarioregionaldigital.com.br\/index.php?rest_route=\/wp\/v2\/users\/246"}],"replies":[{"embeddable":true,"href":"https:\/\/diarioregionaldigital.com.br\/index.php?rest_route=%2Fwp%2Fv2%2Fcomments&post=205355"}],"version-history":[{"count":1,"href":"https:\/\/diarioregionaldigital.com.br\/index.php?rest_route=\/wp\/v2\/posts\/205355\/revisions"}],"predecessor-version":[{"id":205357,"href":"https:\/\/diarioregionaldigital.com.br\/index.php?rest_route=\/wp\/v2\/posts\/205355\/revisions\/205357"}],"wp:featuredmedia":[{"embeddable":true,"href":"https:\/\/diarioregionaldigital.com.br\/index.php?rest_route=\/wp\/v2\/media\/205356"}],"wp:attachment":[{"href":"https:\/\/diarioregionaldigital.com.br\/index.php?rest_route=%2Fwp%2Fv2%2Fmedia&parent=205355"}],"wp:term":[{"taxonomy":"category","embeddable":true,"href":"https:\/\/diarioregionaldigital.com.br\/index.php?rest_route=%2Fwp%2Fv2%2Fcategories&post=205355"},{"taxonomy":"post_tag","embeddable":true,"href":"https:\/\/diarioregionaldigital.com.br\/index.php?rest_route=%2Fwp%2Fv2%2Ftags&post=205355"}],"curies":[{"name":"wp","href":"https:\/\/api.w.org\/{rel}","templated":true}]}}